{"id":9366,"date":"2016-11-27T07:15:02","date_gmt":"2016-11-27T12:15:02","guid":{"rendered":"http:\/\/www.biblia.work\/noticias\/francisco-en-el-angelus-rezo-por-centroamerica-azotada-por-un-huracan-texto-completo\/"},"modified":"2016-11-27T07:15:02","modified_gmt":"2016-11-27T12:15:02","slug":"francisco-en-el-angelus-rezo-por-centroamerica-azotada-por-un-huracan-texto-completo","status":"publish","type":"post","link":"https:\/\/www.biblia.work\/noticias\/francisco-en-el-angelus-rezo-por-centroamerica-azotada-por-un-huracan-texto-completo\/","title":{"rendered":"Francisco en el \u00e1ngelus: \u2018Rezo por Centroam\u00e9rica azotada por un hurac\u00e1n\u2019 \u2013 Texto completo"},"content":{"rendered":"<p style=\"text-align: justify\">(ZENIT \u2013 Ciudad del Vaticano).- El santo padre Francisco rez\u00f3 este domingo la oraci\u00f3n del \u00e1ngelus desde su estudio que da a la plaza de San Pedro, donde le aguardaban miles de peregrinos.<\/p>\n<p style=\"text-align: justify\">Explic\u00f3 el Tiempo de Adviento que inicia hoy, as\u00ed como la primera venida de Jes\u00fas en Bel\u00e9n, la actual venida en la Iglesia y cuando llegar\u00e1 al\u00a0final de los tiempos. Se\u00f1al\u00f3 que esto nos abre perspectivas superiores incluso en nuestra vida cotidiana, y\u00a0tambi\u00e9n una invitaci\u00f3n a la sobriedad, a no ser dominados por las cosas de este mundo, de las realidades materiales, sino m\u00e1s bien a gobernarlas.<\/p>\n<p style=\"text-align: justify\">Despu\u00e9s de rezar el \u00e1ngelus se\u00f1al\u00f3 que reza por las poblaciones de Centroam\u00e9rica golpeadas por un hurac\u00e1n, en particular por Costa Rica y Nicaragua, esta \u00faltima que adem\u00e1s sufri\u00f3 un sismo. Salud\u00f3 a los peregrinos all\u00ed presentes y entre ellos a los de la comunidad ecuatoriana en Roma y del movimiento Tra Noi.<\/p>\n<p style=\"text-align: justify\"><strong>Texto completo:<\/strong><\/p>\n<p style=\"text-align: justify\">&#8220;Queridos hermanos y hermanas, buenos d\u00edas. Hoy en la Iglesia inicia un nuevo a\u00f1o lit\u00fargico, o sea un nuevo camino de fe del pueblo de Dios. Y como siempre iniciamos con el Adviento.<\/p>\n<p style=\"text-align: justify\">La p\u00e1gina del evangelio <span style=\"color: #3366ff\"><a style=\"color: #3366ff\" href=\"http:\/\/www.vatican.va\/archive\/ESL0506\/__PUY.HTM\">(cfr Mt 24,37-44)<\/a><\/span> nos introduce a uno de los temas m\u00e1s sugestivos del tiempo de Adviento: la visita del Se\u00f1or a la humanidad. La primera visita se realiz\u00f3 con la Encarnaci\u00f3n, el nacimiento de Jes\u00fas en la gruta de Bel\u00e9n; la segunda es en el presente: el Se\u00f1or nos visita continuamente cada d\u00eda, camina a nuestro lado y es una presencia de consolaci\u00f3n; y para concluir estar\u00e1 la \u00faltima visita, que profesamos cada vez que recitamos el Credo: \u201cDe nuevo vendr\u00e1 en la gloria para juzgar a los vivos y a los muertos\u201d. El Se\u00f1or hoy nos habla de esta \u00faltima visita suya, la que suceder\u00e1 al final de los tiempos y nos dice d\u00f3nde llegar\u00e1 nuestro camino.<\/p>\n<p style=\"text-align: justify\">La palabra de Dios subraya el contraste entre el desarrollarse normal de las cosas y la rutina cotidiana y la venida repentina del Se\u00f1or. Dice Jes\u00fas: \u201cComo en los d\u00edas que precedieron el diluvio, com\u00edan, beb\u00edan, tomaban esposa y tomaban marido, hasta el d\u00eda en el que Noe entr\u00f3 en el arca, y no se dieron cuenta de nada hasta que vino el diluvio y embisti\u00f3\u00a0a todos\u201d. (vv. 38-39).<\/p>\n<p style=\"text-align: justify\">Siempre nos impresiona pensar a las horas que preceden\u00a0a una gran calamidad: todos est\u00e1n tranquilos, hacen las cosas de siempre sin darse cuenta que su vida est\u00e1 por ser alterada.<\/p>\n<p style=\"text-align: justify\">El evangelio no quiere inculcarnos miedo, sino abrir nuestro horizonte a la dimensi\u00f3n ulterior, m\u00e1s grande, que de una parte relativiza las cosas de cada d\u00eda y al mismo tiempo las vuelve preciosas, decisivas. La relaci\u00f3n con el Dios que viene a visitarnos da a cada gesto, a cada cosa una luz diversa, un espesor, un valor simb\u00f3lico.<\/p>\n<p style=\"text-align: justify\">De esta perspectiva viene tambi\u00e9n una invitaci\u00f3n a la sobriedad, a no ser dominados por las cosas de este mundo, de las realidades materiales, sino m\u00e1s bien a gobernarlas.<\/p>\n<p style=\"text-align: justify\">Si por el contrario nos dejamos condicionar y dominar por ellas, no podemos percibir que hay algo mucho m\u00e1s importante: nuestro encuentro final con el Se\u00f1or que viene por nosotros. En aquel momento, como dice el Evangelio, \u201cdos hombres estar\u00e1n en el campo: uno ser\u00e1 llevado y el otro dejado\u201d (v. 40). Es una invitaci\u00f3n a la vigilancia, porque no sabiendo cuando \u00c9l vendr\u00e1, es necesario estar siempre listos para partir.<\/p>\n<p style=\"text-align: justify\">En este tiempo de Adviento estamos llamados a ensanchar los horizontes de nuestro coraz\u00f3n, a dejarnos sorprender por la vida que se presenta cada d\u00eda con sus novedades. Para hacer esto es necesario aprender a no depender de nuestras seguridades, de nuestros esquemas consolidados, porque el Se\u00f1or viene en la hora en la que no nos imaginamos. Viene para introducirnos en una dimensi\u00f3n m\u00e1s hermosa y m\u00e1s grande.<\/p>\n<p style=\"text-align: justify\">Nuestra Se\u00f1ora, Virgen del Adviento, nos ayude a no considerarnos propietarios de nuestra vida, a no hacer resistencia cuando el Se\u00f1or viene para cambiarla, pero a estar listos para dejarnos visitar por \u00c9l, hu\u00e9sped esperado y grato, aunque desarticule nuestros planes&#8221;.<\/p>\n<p style=\"text-align: justify\">El Papa reza el \u00e1ngelus y despu\u00e9s dice:<\/p>\n<p style=\"text-align: justify\">&#8220;Queridos hermanos y hermanas,<\/p>\n<p style=\"text-align: justify\">quiero asegurar que rezo por las poblaciones de Centroam\u00e9rica, especialmente las de Costa Rica y Nicaragua, golpeadas por un hurac\u00e1n y este \u00faltimo pa\u00eds tambi\u00e9n por un fuerte sismo. Y rezo tambi\u00e9n por las del norte de Italia, que est\u00e1n sufriendo debido a\u00a0los aluviones.<\/p>\n<p style=\"text-align: justify\">Saludo a los peregrinos aqu\u00ed presentes, que han venido de Italia y de diversos pa\u00edses: a las familias, los grupos parroquiales, las asociaciones. En particular saludo a los fieles que vienen de Egipto, Eslovaquia y al coro de Limburg (Alemania).<\/p>\n<p style=\"text-align: justify\">Saludo con afecto a la comunidad ecuatoriana de Roma, a las familias del Movimiento \u201cTra Noi\u201d; a los grupos de Altamura, Rieti, San Casciano en Val di Pesa; a la UNITALSI de Capaccio y a los alumnos de Bagheria.<\/p>\n<p style=\"text-align: justify\">A todos les deseo un buen domingo y un buen camino de Adviento. \u00a1Que sea tiempo de esperanza!\u00a0La esperanza verdadera fundada sobre la fidelidad de Dios y sobre nuestra responsabilidad. Y por favor no se olviden de rezar por mi. \u00a1Buon pranzo e arrivederci!<\/p>\n<p><span class=\"et_bloom_bottom_trigger\"><\/span><\/p>\n<p><a href=\"https:\/\/es.zenit.org\/\" target=\"_blank\" rel=\"nofollow\">Fuente: es.zenit.org<\/a><\/p>\n","protected":false},"excerpt":{"rendered":"<p>(ZENIT \u2013 Ciudad del Vaticano).- El santo padre Francisco rez\u00f3 este domingo la oraci\u00f3n del \u00e1ngelus desde su estudio que da a la plaza de San Pedro, donde le aguardaban miles de peregrinos. Explic\u00f3 el Tiempo de Adviento que inicia hoy, as\u00ed como la primera venida de Jes\u00fas en Bel\u00e9n, la actual venida en la &hellip; <a href=\"https:\/\/www.biblia.work\/noticias\/francisco-en-el-angelus-rezo-por-centroamerica-azotada-por-un-huracan-texto-completo\/\" class=\"more-link\">Continuar leyendo<span class=\"screen-reader-text\"> \u00abFrancisco en el \u00e1ngelus: \u2018Rezo por Centroam\u00e9rica azotada por un hurac\u00e1n\u2019 \u2013 Texto completo\u00bb<\/span><\/a><\/p>\n","protected":false},"author":1,"featured_media":0,"comment_status":"open","ping_status":"closed","sticky":false,"template":"","format":"standard","meta":{"footnotes":""},"categories":[1],"tags":[],"class_list":["post-9366","post","type-post","status-publish","format-standard","hentry","category-general"],"_links":{"self":[{"href":"https:\/\/www.biblia.work\/noticias\/wp-json\/wp\/v2\/posts\/9366","targetHints":{"allow":["GET"]}}],"collection":[{"href":"https:\/\/www.biblia.work\/noticias\/wp-json\/wp\/v2\/posts"}],"about":[{"href":"https:\/\/www.biblia.work\/noticias\/wp-json\/wp\/v2\/types\/post"}],"author":[{"embeddable":true,"href":"https:\/\/www.biblia.work\/noticias\/wp-json\/wp\/v2\/users\/1"}],"replies":[{"embeddable":true,"href":"https:\/\/www.biblia.work\/noticias\/wp-json\/wp\/v2\/comments?post=9366"}],"version-history":[{"count":0,"href":"https:\/\/www.biblia.work\/noticias\/wp-json\/wp\/v2\/posts\/9366\/revisions"}],"wp:attachment":[{"href":"https:\/\/www.biblia.work\/noticias\/wp-json\/wp\/v2\/media?parent=9366"}],"wp:term":[{"taxonomy":"category","embeddable":true,"href":"https:\/\/www.biblia.work\/noticias\/wp-json\/wp\/v2\/categories?post=9366"},{"taxonomy":"post_tag","embeddable":true,"href":"https:\/\/www.biblia.work\/noticias\/wp-json\/wp\/v2\/tags?post=9366"}],"curies":[{"name":"wp","href":"https:\/\/api.w.org\/{rel}","templated":true}]}}