{"id":9372,"date":"2016-11-27T18:05:02","date_gmt":"2016-11-27T23:05:02","guid":{"rendered":"http:\/\/www.biblia.work\/noticias\/la-ola-de-secularizacion-que-azota-a-los-paises-de-america-latina\/"},"modified":"2016-11-27T18:05:02","modified_gmt":"2016-11-27T23:05:02","slug":"la-ola-de-secularizacion-que-azota-a-los-paises-de-america-latina","status":"publish","type":"post","link":"https:\/\/www.biblia.work\/noticias\/la-ola-de-secularizacion-que-azota-a-los-paises-de-america-latina\/","title":{"rendered":"La ola de secularizaci\u00f3n que azota a los pa\u00edses de Am\u00e9rica Latina"},"content":{"rendered":"<p> REDACCI\u00d3N CENTRAL, 27 Nov. 16 (ACI).-<br \/>\n\tEl aborto, el mal llamado matrimonio gay y los ataques a la libertad religiosa son realidades que tienen en com&uacute;n Uruguay, Chile y Argentina, y que desaf&iacute;an directamente a la familia y el derecho inalienable a la vida que tiene toda persona. ACI Prensa convers&oacute; con algunos representantes de la sociedad civil para conocer esta realidad m&aacute;s de cerca y proponer alternativas al respecto.<\/p>\n<p style=\"text-align: justify\">\n\tUruguay: Aborto y ausencia de Dios<\/p>\n<p style=\"text-align: justify\">\n\tEn Uruguay el aborto est&aacute; despenalizado hasta las 12 semanas de embarazo y seg&uacute;n cifras del 2015 del Ministerio de Salud P&uacute;blica, se practica en promedio unos 780 abortos por mes.<\/p>\n<p style=\"text-align: justify\">\n\tLa ideolog&iacute;a de g&eacute;nero tom&oacute; fuerza en 2013 cuando Uruguay se convirti&oacute; en el segundo pa&iacute;s en Latinoam&eacute;rica en autorizar el mal llamado matrimonio gay, y luego en 2014 con la Gu&iacute;a &ldquo;Educaci&oacute;n y Diversidad Sexual&rdquo; donde se anima a la poblaci&oacute;n a salir &quot;del armario&quot; y &quot;deconstruir el modelo tradicional de familia y favorecer la construcci&oacute;n de nuevos modelos&quot;.<\/p>\n<p style=\"text-align: justify\">\n\tAdem&aacute;s, el Estado vive un profundo proceso de secularizaci&oacute;n desde hace m&aacute;s de 100 a&ntilde;os, lo que constituye un desaf&iacute;o para los cat&oacute;licos que buscan manifestar su fe en la esfera p&uacute;blica.<\/p>\n<p style=\"text-align: justify\">\n\tUn ejemplo de esto es la solicitud de la Iglesia en Montevideo para instalar una imagen de la Virgen Mar&iacute;a en un lugar p&uacute;blico, algo que provoc&oacute; los reclamos de parte de algunos que aseguran que afectar&aacute; la laicidad del pa&iacute;s.<\/p>\n<p style=\"text-align: justify\">\n\tFrente a este panorama, la secretaria ejecutiva de la Comisi&oacute;n Nacional para la Pastoral Familiar y la Vida del Episcopado de Uruguay, Gabriela L&oacute;pez, advirti&oacute; de las &ldquo;corrientes ideol&oacute;gicas, educativas y presiones internacionales muy fuertes sobre nuestros pa&iacute;ses para que tomemos determinadas formas, programas y metas, que muchas veces van en contra de lo que la Iglesia propone&rdquo;.<\/p>\n<p style=\"text-align: justify\">\n\t&ldquo;Todos estos antivalores propuestos desde el Estado evidentemente generan un quiebre, y cuando la Iglesia sale a decir estas cosas se le tiran a callar y se trata que vuelva a la esfera privada&rdquo;, dijo a ACI Prensa.<\/p>\n<p style=\"text-align: justify\">\n\t&ldquo;Hoy no hay laicidad sino laicismo. La laicidad respetaba todas las creencias pero hoy es la absoluta ausencia de religi&oacute;n, y es m&aacute;s, yo te dir&iacute;a que es hasta anticlerical&rdquo;, afirm&oacute; L&oacute;pez.<\/p>\n<p style=\"text-align: justify\">\n\tPese a esto, &ldquo;se viene generando a nivel social todo un movimiento, no solo cat&oacute;lico, que ve que esto no nos conviene y tratamos de llevar adelante esta sociedad de una forma distinta, educando en virtudes, en valores, promoviendo otros criterios, como el rol irrenunciable de los padres como los primeros educadores&rdquo;, observ&oacute;.<\/p>\n<p style=\"text-align: justify\">\n\tChile: Agenda ideol&oacute;gica y ataques anticat&oacute;licos<\/p>\n<p style=\"text-align: justify\">\n\tEn Chile se discute actualmente el proyecto de despenalizaci&oacute;n del aborto, impulsado por el Gobierno de Michelle Bachelet. Adem&aacute;s, la ideolog&iacute;a de g&eacute;nero sigue avanzando tras la aprobaci&oacute;n en 2015 del Acuerdo de Uni&oacute;n Civil, que regula los efectos jur&iacute;dicos de la convivencia entre parejas del mismo sexo y heterosexuales.<\/p>\n<p style=\"text-align: justify\">\n\tSi bien la Constituci&oacute;n defiende el derecho &ldquo;preferente&rdquo; de los padres de educar a su hijos, en los &uacute;ltimos a&ntilde;os existe una fuerte presi&oacute;n para suprimir esta facultad, mediante estrategias que incluyen la promoci&oacute;n del libro Nicol&aacute;s Tiene Dos Pap&aacute;s promovido por el lobby gay y que fue distribuido en los jardines infantiles p&uacute;blicos del pa&iacute;s.<\/p>\n<p style=\"text-align: justify\">\n\tEn el &aacute;mbito de la libertad religiosa, adem&aacute;s de los constantes ataques a iglesias durante manifestaciones ciudadanas en Santiago, ya son once templos cat&oacute;licos m&aacute;s un seminario los que han sido incendiados en el sur de Chile en 2016, en la zona del hist&oacute;rico conflicto mapuche, a manos de algunos extremistas que consideran a la Iglesia como parte del Estado a quien exigen la devoluci&oacute;n de sus tierras.<\/p>\n<p style=\"text-align: justify\">\n\tPara el P. Francisco Javier Astaburuaga, Doctor en Derecho Can&oacute;nico de la Pontificia Universidad Lateranense de Roma, &ldquo;el fen&oacute;meno de la secularizaci&oacute;n &nbsp;queda de manifiesto con todas las leyes contra la familia y la vida promovida especialmente por gobiernos socialistas y liberales en los &uacute;ltimos 40 a&ntilde;os&rdquo;.<\/p>\n<p style=\"text-align: justify\">\n\t&ldquo;Otro aspecto, grave a mi juicio, es tratar de arrinconar a la Iglesia Cat&oacute;lica a las &lsquo;sacrist&iacute;as&rsquo; de los templos, evitando de este modo que el mensaje de Cristo sea anunciado&rdquo;, dijo el sacerdote chileno a ACI Prensa.<\/p>\n<p style=\"text-align: justify\">\n\tPor otro lado, &ldquo;cuando se priva de la formaci&oacute;n religiosa o &eacute;sta se la hace muy dificultosa, las futuras generaciones van perdiendo el sentido de Dios. Y cuando &nbsp;se pierde el sentido de Dios, se pierde el respeto por la dignidad de la persona humana y se promueven leyes a favor del aborto, el consumo de marihuana y la ideolog&iacute;a de g&eacute;nero&rdquo;.<\/p>\n<p style=\"text-align: justify\">\n\tArgentina: Ideolog&iacute;as detr&aacute;s de un rostro populista<\/p>\n<p style=\"text-align: justify\">\n\tEl aborto en Argentina es permitido en causales de riesgo de vida de la mujer, violaci&oacute;n, o por un atentado contra el pudor. Por otro lado, el pa&iacute;s cuenta con la ley de &ldquo;matrimonio igualitario&rdquo;, &ldquo;divorcio expr&eacute;s&rdquo; y otras leyes sobre esterilizaci&oacute;n, procreaci&oacute;n artificial, identidad de g&eacute;nero, &ldquo;muerte digna&rdquo; (eutanasia), entre otras.<\/p>\n<p style=\"text-align: justify\">\n\tEn cuanto a la educaci&oacute;n, en mayo de 2010 el Ministerio de Educaci&oacute;n present&oacute; los &ldquo;Cuadernos ESI&rdquo; (Educaci&oacute;n Sexual Integral), dirigido a todos los niveles de formaci&oacute;n, con claro contenido de ideolog&iacute;a de g&eacute;nero y ofensas al pudor de alumnos y docentes.<\/p>\n<p style=\"text-align: justify\">\n\tEn relaci&oacute;n a la fe, los templos cat&oacute;licos han sido blanco de profanaciones y ataques durante marchas feministas.<\/p>\n<p style=\"text-align: justify\">\n\tAdem&aacute;s, &nbsp;en octubre de este a&ntilde;o la sospechosa muerte del P. Heraldo Viroche, quien denunci&oacute; en sus homil&iacute;as a bandas de narcotraficantes, abri&oacute; un serio debate sobre el poder de la mafia en el pa&iacute;s y los peligros para quienes la combaten.<\/p>\n<p style=\"text-align: justify\">\n\tPara el abogado por la facultad de Derecho y Ciencias Sociales de la Universidad de Buenos Aires y Doctor en Ciencias Jur&iacute;dicas, Jorge Nicol&aacute;s Lafferriere, esta situaci&oacute;n &ldquo;plantea un ordenamiento legal que se aparta profundamente de la visi&oacute;n del hombre y la sociedad que se funda en la ley natural y que tambi&eacute;n anima a la cosmovisi&oacute;n cristiana&rdquo;.<\/p>\n<p style=\"text-align: justify\">\n\tDijo tambi&eacute;n que la defensa de la libertad religiosa es&ldquo;uno de los desaf&iacute;os m&aacute;s actuales de los pr&oacute;ximos tiempos&rdquo;, debido al surgimiento de iniciativas que buscan &ldquo;imponer visiones &uacute;nicas y silenciar a quienes disienten con el discurso hegem&oacute;nico individualista y reduccionista que muchas veces impone la ideolog&iacute;a de g&eacute;nero o el paradigma tecnocr&aacute;tico&rdquo;.<\/p>\n<p style=\"text-align: justify\">\n\t&ldquo;Se requiere una fe m&aacute;s madura y dispuesta a ser signo de contradicci&oacute;n, en forma pac&iacute;fica e inteligente, asumiendo una l&oacute;gica pascual&rdquo;, dijo el abogado a ACI Prensa.<\/p>\n<p style=\"text-align: justify\">\n\tPor su parte, el P. Ruben Francisco Bellante, Delegado episcopal para la pastoral de comunicaci&oacute;n de la Arquidi&oacute;cesis de Rosario, explic&oacute; que en los &uacute;ltimos 20 a&ntilde;os las ideolog&iacute;as lograron penetrar los gobiernos de turno y &ldquo;detr&aacute;s de un rostro populista, igualitarismo, integraci&oacute;n, y todos los dem&aacute;s discursos y relatos vendidos, llevaron a cabo una corrupci&oacute;n, no solamente en lo econ&oacute;mico sino en el alma del ser argentino&rdquo;.<\/p>\n<p style=\"text-align: justify\">\n\tEsto provoc&oacute; un &ldquo;desprecio a todo lo que tiene ver con lo institucional, en donde la Iglesia tambi&eacute;n entra, y todo lo que supuestamente defiende, la vida, la persona, sin tener en cuenta todo lo que la Iglesia ha trabajado en los derechos humanos y en la igualdad de las personas. Eso parece que se denosta y solamente se ve un aspecto oscuro&rdquo;, dijo el sacerdote a ACI Prensa.<\/p>\n<p style=\"text-align: justify\">\n\tAnte todo esto, &iquest;qu&eacute; puede hacer un cat&oacute;lico?<\/p>\n<p style=\"text-align: justify\">\n\tEl P. Sebasti&aacute;n Correa, Director del Centro de Estudios Cat&oacute;licos en Chile, comparti&oacute; con ACI Prensa 4 consejos para que los cat&oacute;licos puedan hacer frente a la realidad de la secularizaci&oacute;n.<\/p>\n<p style=\"text-align: justify\">\n\t1. Estar informados<\/p>\n<p style=\"text-align: justify\">\n\t&ldquo;Hoy d&iacute;a los cat&oacute;licos no tenemos el derecho a estar desinformados&rdquo;, dijo el P. Correa, agregando que est&aacute;n los medios para saber &ldquo;lo que est&aacute; pasando y qui&eacute;nes est&aacute;n empujando cada una de las ideolog&iacute;as que est&aacute;n detr&aacute;s, entre otros temas&rdquo;.<\/p>\n<p style=\"text-align: justify\">\n\t2. Comprometerse con la realidad<\/p>\n<p style=\"text-align: justify\">\n\t&quot;Tambi&eacute;n comprometerse con tantas personas que son v&iacute;ctimas de estas ideolog&iacute;as, porque les causan confusi&oacute;n, se les miente directamente y se los deshumaniza, ya que lo que est&aacute; trayendo la secularizaci&oacute;n es un proceso de deshumanizaci&oacute;n&rdquo;, sostuvo el sacerdote.<\/p>\n<p style=\"text-align: justify\">\n\t&ldquo;Por lo mismo, el cat&oacute;lico debe comprometerse con la verdad de Jesucristo y con los valores que desprende para la sociedad. Si eso significa defenderlos p&uacute;blicamente y salir a una marcha hay que hacerlo, si implica entrar en diferencias con personas cercanas hay que estar dispuesto&rdquo;, agreg&oacute;.<\/p>\n<p style=\"text-align: justify\">\n\t3. No tener miedo<\/p>\n<p style=\"text-align: justify\">\n\t&ldquo;Lo que quieren hacer es que tengamos miedo y verg&uuml;enza de ser cat&oacute;licos, por lo mismo tenemos que hacer lo contrario y vivir con libertad&rdquo;, subray&oacute;.<\/p>\n<p style=\"text-align: justify\">\n\t4. Estar alegres<\/p>\n<p style=\"text-align: justify\">\n\t&ldquo;Hay que vivir con una profunda libertad la alegr&iacute;a de ser cristiano, y que eso nos lleve a salir al mundo con la confianza puesta en Dios, sabiendo que &Eacute;l es el que sostiene toda la realidad, y como &Eacute;l dijo, &lsquo;no hay que temer a aquellos que pueden matar el cuerpo&rsquo;&rdquo;, concluy&oacute; el P. Correa.<\/p>\n<p style=\"text-align: justify\">\n\tTambi&eacute;n te puede interesar:&nbsp;<\/p>\n<p style=\"text-align: justify\">\n\t\tPapa Francisco advierte del peligro de caer en una &ldquo;espiritualidad gn&oacute;stica&rdquo; https:\/\/t.co\/4z6GnL0moK<\/p>\n<p>\t&mdash; ACI Prensa (@aciprensa) 3 de agosto de 2016<\/p>\n<p style=\"text-align: justify\">\n\t&nbsp;<\/p>\n","protected":false},"excerpt":{"rendered":"<p>REDACCI\u00d3N CENTRAL, 27 Nov. 16 (ACI).- El aborto, el mal llamado matrimonio gay y los ataques a la libertad religiosa son realidades que tienen en com&uacute;n Uruguay, Chile y Argentina, y que desaf&iacute;an directamente a la familia y el derecho inalienable a la vida que tiene toda persona. ACI Prensa convers&oacute; con algunos representantes de &hellip; <a href=\"https:\/\/www.biblia.work\/noticias\/la-ola-de-secularizacion-que-azota-a-los-paises-de-america-latina\/\" class=\"more-link\">Continuar leyendo<span class=\"screen-reader-text\"> \u00abLa ola de secularizaci\u00f3n que azota a los pa\u00edses de Am\u00e9rica Latina\u00bb<\/span><\/a><\/p>\n","protected":false},"author":1,"featured_media":0,"comment_status":"open","ping_status":"closed","sticky":false,"template":"","format":"standard","meta":{"footnotes":""},"categories":[1],"tags":[],"class_list":["post-9372","post","type-post","status-publish","format-standard","hentry","category-general"],"_links":{"self":[{"href":"https:\/\/www.biblia.work\/noticias\/wp-json\/wp\/v2\/posts\/9372","targetHints":{"allow":["GET"]}}],"collection":[{"href":"https:\/\/www.biblia.work\/noticias\/wp-json\/wp\/v2\/posts"}],"about":[{"href":"https:\/\/www.biblia.work\/noticias\/wp-json\/wp\/v2\/types\/post"}],"author":[{"embeddable":true,"href":"https:\/\/www.biblia.work\/noticias\/wp-json\/wp\/v2\/users\/1"}],"replies":[{"embeddable":true,"href":"https:\/\/www.biblia.work\/noticias\/wp-json\/wp\/v2\/comments?post=9372"}],"version-history":[{"count":0,"href":"https:\/\/www.biblia.work\/noticias\/wp-json\/wp\/v2\/posts\/9372\/revisions"}],"wp:attachment":[{"href":"https:\/\/www.biblia.work\/noticias\/wp-json\/wp\/v2\/media?parent=9372"}],"wp:term":[{"taxonomy":"category","embeddable":true,"href":"https:\/\/www.biblia.work\/noticias\/wp-json\/wp\/v2\/categories?post=9372"},{"taxonomy":"post_tag","embeddable":true,"href":"https:\/\/www.biblia.work\/noticias\/wp-json\/wp\/v2\/tags?post=9372"}],"curies":[{"name":"wp","href":"https:\/\/api.w.org\/{rel}","templated":true}]}}