{"id":9376,"date":"2016-11-28T06:15:02","date_gmt":"2016-11-28T11:15:02","guid":{"rendered":"http:\/\/www.biblia.work\/noticias\/el-papa-pide-a-los-cientificos-construir-un-modelo-cultural-para-afrontar-la-crisis-del-cambio-climatico\/"},"modified":"2016-11-28T06:15:02","modified_gmt":"2016-11-28T11:15:02","slug":"el-papa-pide-a-los-cientificos-construir-un-modelo-cultural-para-afrontar-la-crisis-del-cambio-climatico","status":"publish","type":"post","link":"https:\/\/www.biblia.work\/noticias\/el-papa-pide-a-los-cientificos-construir-un-modelo-cultural-para-afrontar-la-crisis-del-cambio-climatico\/","title":{"rendered":"El Papa pide a los cient\u00edficos construir un modelo cultural para afrontar la crisis del cambio clim\u00e1tico"},"content":{"rendered":"<p style=\"text-align: justify\"><span style=\"font-weight: 400\">(ZENIT &#8211; Ciudad del Vaticano).- Nunca como en nuestra \u00e9poca ha sido tan evidente la misi\u00f3n de la ciencia al servicio de un nuevo equilibrio ecol\u00f3gico global. As\u00ed lo indicado el papa Francisco en su encuentro con los participantes de la Asamblea Plenaria de la Pontificia Academia de las Ciencias, que se est\u00e1 celebrado en el Vaticano del 25 al 29 de noviembre, sobre el tema: \u201c<em>Ciencia y sostenibilidad. Impacto de los conocimientos cient\u00edficos y de la tecnolog\u00eda sobre la sociedad humana y el ambiente<\/em>\u201d. <\/span><\/p>\n<p style=\"text-align: justify\"><span style=\"font-weight: 400\">De este modo, ha reconocido que al mismo tiempo \u201cse est\u00e1 manifestando una renovada alianza entre la comunidad cient\u00edfica y la comunidad cristiana\u201d, que ven converger sus distintos enfoques de la realidad\u201d hacia esta finalidad compartida de proteger la casa com\u00fan, amenazada por el colapso ecol\u00f3gico y del consecuente aumento de la pobreza y la exclusi\u00f3n social\u201d. <\/span><\/p>\n<p style=\"text-align: justify\"><span style=\"font-weight: 400\">El Santo Padre ha indicado que corresponde a los cient\u00edficos, que trabajan libres de intereses pol\u00edticos, econ\u00f3micos o ideol\u00f3gicos, \u201cconstruir un modelo cultural para afrontar la crisis del cambio clim\u00e1tico y de sus consecuencias sociales\u201d para que las enormes potencialidades productivas no se reserven solo a unos pocos\u201d. <\/span><\/p>\n<p style=\"text-align: justify\"><span style=\"font-weight: 400\">La comunidad cient\u00edfica, ha considerado el Papa, est\u00e1 llamada a construir un liderazgo que indique soluciones\u00a0a temas que son afrontados en esta plenaria: el agua, las energ\u00edas renovables y la seguridad alimentaria. \u00a0<\/span><\/p>\n<p style=\"text-align: justify\"><span style=\"font-weight: 400\">As\u00ed, Francisco ha manifestado su alegr\u00eda por el hecho de que esta Academia Pontificia siente \u201cprofundamente la solidaridad\u201d que les une a la humanidad de hoy y del ma\u00f1ana \u201cen el signo de tal preocupaci\u00f3n por la madre tierra\u201d. <\/span><\/p>\n<p style=\"text-align: justify\"><span style=\"font-weight: 400\">Un compromiso muy digno de estima &#8212; ha a\u00f1adido&#8211; en cuanto que est\u00e1 plenamente orientado a la promoci\u00f3n del desarrollo humano integral, de la paz, de la justicia, de la dignidad y de la libertad del ser humano. <\/span><\/p>\n<p style=\"text-align: justify\"><span style=\"font-weight: 400\">Por otro lado, ha afirmado que en la modernidad hemos crecido pensando \u201cser los propietarios y los due\u00f1os de la naturaleza\u201d autorizados a \u201csaquearla sin ninguna consideraci\u00f3n de sus potencialidades secretas y leyes evolutivas, como si se tratara de un material inerte a nuestra disposici\u00f3n\u201d. <\/span><\/p>\n<p style=\"text-align: justify\"><span style=\"font-weight: 400\">Asimismo, el Pont\u00edfice ha subrayado que \u201cno somos guardianes de un museo y de sus obras maestras que tenemos que desempolvar cada ma\u00f1ana\u201d sino \u201ccolaboradores de la conservaci\u00f3n y del desarrollo del ser y de la biodiversidad del planeta, y de la vida humana presente en \u00e9l\u201d. <\/span><\/p>\n<p style=\"text-align: justify\"><span style=\"font-weight: 400\">La conversi\u00f3n ecol\u00f3gica capaz de apoyar el desarrollo sostenible &#8211;ha observado&#8211; comprende de forma inseparable tanto la asunci\u00f3n plena de nuestra responsabilidad humana en lo relacionado con la creaci\u00f3n y sus recursos, tanto la b\u00fasqueda de la justicia social y la superaci\u00f3n de un sistema inicuo que produce miseria, desigualdad y exclusi\u00f3n. <\/span><\/p>\n<p style=\"text-align: justify\"><span style=\"font-weight: 400\">Por otro lado, ha llamado la atenci\u00f3n sobre la d\u00e9bil reacci\u00f3n de la pol\u00edtica internacional &#8211;aunque tambi\u00e9n hay honrosas excepciones &#8212; sobre la concreta voluntad de buscar el bien com\u00fan y los bienes universales, y la facilidad con que se tienen en cuenta los consejos de la ciencia basada en la situaci\u00f3n del planeta.<\/span><\/p>\n<p style=\"text-align: justify\"><span style=\"font-weight: 400\">Es as\u00ed como el Pont\u00edfice ha advertido que \u201cla sumisi\u00f3n de la pol\u00edtica a la tecnolog\u00eda y a las finanzas que buscan sobre todo el provecho\u201d est\u00e1 demostrada por la \u201cdistracci\u00f3n\u201d o del retraso en la \u201caplicaci\u00f3n de los acuerdos mundiales sobre el ambiente\u201d y a la \u201criqueza moral y cultural de los pueblos\u201d. <\/span><\/p>\n<p style=\"text-align: justify\"><span style=\"font-weight: 400\">Finalmente, el Santo Padre ha invitado a no perder la esperanza, y tratar de \u201caprovechar el tiempo que el Se\u00f1or nos da\u201d. <\/span><\/p>\n<p><span class=\"et_bloom_bottom_trigger\"><\/span><\/p>\n<p><a href=\"https:\/\/es.zenit.org\/\" target=\"_blank\" rel=\"nofollow\">Fuente: es.zenit.org<\/a><\/p>\n","protected":false},"excerpt":{"rendered":"<p>(ZENIT &#8211; Ciudad del Vaticano).- Nunca como en nuestra \u00e9poca ha sido tan evidente la misi\u00f3n de la ciencia al servicio de un nuevo equilibrio ecol\u00f3gico global. As\u00ed lo indicado el papa Francisco en su encuentro con los participantes de la Asamblea Plenaria de la Pontificia Academia de las Ciencias, que se est\u00e1 celebrado en &hellip; <a href=\"https:\/\/www.biblia.work\/noticias\/el-papa-pide-a-los-cientificos-construir-un-modelo-cultural-para-afrontar-la-crisis-del-cambio-climatico\/\" class=\"more-link\">Continuar leyendo<span class=\"screen-reader-text\"> \u00abEl Papa pide a los cient\u00edficos construir un modelo cultural para afrontar la crisis del cambio clim\u00e1tico\u00bb<\/span><\/a><\/p>\n","protected":false},"author":1,"featured_media":0,"comment_status":"open","ping_status":"closed","sticky":false,"template":"","format":"standard","meta":{"footnotes":""},"categories":[1],"tags":[],"class_list":["post-9376","post","type-post","status-publish","format-standard","hentry","category-general"],"_links":{"self":[{"href":"https:\/\/www.biblia.work\/noticias\/wp-json\/wp\/v2\/posts\/9376","targetHints":{"allow":["GET"]}}],"collection":[{"href":"https:\/\/www.biblia.work\/noticias\/wp-json\/wp\/v2\/posts"}],"about":[{"href":"https:\/\/www.biblia.work\/noticias\/wp-json\/wp\/v2\/types\/post"}],"author":[{"embeddable":true,"href":"https:\/\/www.biblia.work\/noticias\/wp-json\/wp\/v2\/users\/1"}],"replies":[{"embeddable":true,"href":"https:\/\/www.biblia.work\/noticias\/wp-json\/wp\/v2\/comments?post=9376"}],"version-history":[{"count":0,"href":"https:\/\/www.biblia.work\/noticias\/wp-json\/wp\/v2\/posts\/9376\/revisions"}],"wp:attachment":[{"href":"https:\/\/www.biblia.work\/noticias\/wp-json\/wp\/v2\/media?parent=9376"}],"wp:term":[{"taxonomy":"category","embeddable":true,"href":"https:\/\/www.biblia.work\/noticias\/wp-json\/wp\/v2\/categories?post=9376"},{"taxonomy":"post_tag","embeddable":true,"href":"https:\/\/www.biblia.work\/noticias\/wp-json\/wp\/v2\/tags?post=9376"}],"curies":[{"name":"wp","href":"https:\/\/api.w.org\/{rel}","templated":true}]}}