{"id":9380,"date":"2016-11-28T07:15:03","date_gmt":"2016-11-28T12:15:03","guid":{"rendered":"http:\/\/www.biblia.work\/noticias\/el-papa-en-sta-marta-la-fe-cristiana-no-es-una-filosofia-es-el-encuentro-con-jesus\/"},"modified":"2016-11-28T07:15:03","modified_gmt":"2016-11-28T12:15:03","slug":"el-papa-en-sta-marta-la-fe-cristiana-no-es-una-filosofia-es-el-encuentro-con-jesus","status":"publish","type":"post","link":"https:\/\/www.biblia.work\/noticias\/el-papa-en-sta-marta-la-fe-cristiana-no-es-una-filosofia-es-el-encuentro-con-jesus\/","title":{"rendered":"El Papa en Sta. Marta: La fe cristiana no es una filosof\u00eda, es el encuentro con Jes\u00fas"},"content":{"rendered":"<p style=\"text-align: justify\"><span style=\"font-weight: 400\">(ZENIT &#8211; Ciudad del Vaticano).- El papa Francisco ha explicado, en la homil\u00eda de este lunes en Santa Marta, que la fe cristiana no es \u201cuna teor\u00eda o una filosof\u00eda\u201d, sino que es \u201cel encuentro con Jes\u00fas. De este modo, ha recordado que para encontrar realmente a Jes\u00fas tenemos que ponernos en camino con tres actitudes: vigilantes en la oraci\u00f3n, trabajando en la caridad y exultantes en la alabanza. <\/span><\/p>\n<p style=\"text-align: justify\"><span style=\"font-weight: 400\">Asimismo ha subrayado que \u201cla gracia que queremos en Adviento\u201d es encontrar a Jes\u00fas. Por eso ha precisado que en este periodo del A\u00f1o, la Liturgia nos propone numerosos encuentro de Jes\u00fas: con su Madre en el vientre, con san Juan Bautista, con los pastores, con los Magos. Todo esto nos dice que el Adviento es \u201cun tiempo para caminar e ir al encuentro del Se\u00f1or, es decir un tiempo para no estar parado\u201d. <\/span><\/p>\n<p style=\"text-align: justify\"><span style=\"font-weight: 400\">De ah\u00ed, la pregunta planteada por el Pont\u00edfice en su homil\u00eda: \u00bfcu\u00e1les son las actitudes que debo tener para encontrar al Se\u00f1or? \u00bfC\u00f3mo debo preparar mi coraz\u00f3n para encontrar al Se\u00f1or?<\/span><\/p>\n<p style=\"text-align: justify\"><span style=\"font-weight: 400\">As\u00ed, ha explicado que en la oraci\u00f3n al principio de la misa, la Liturgia nos se\u00f1ala tres actitudes: vigilantes en la oraci\u00f3n, trabajando en la caridad y exultantes en la alabanza. Y cuando habla de caridad se refiere a caridad fraterna: \u201cno s\u00f3lo dar limosna\u201d sino tambi\u00e9n \u201ctolerar a la gente que me molesta, tolerar en casa a los ni\u00f1os cuando hacen ruido, o al marido o la mujer cuando est\u00e1n en dificultad, o a la suegra\u2026\u201d. <\/span><\/p>\n<p style=\"text-align: justify\"><span style=\"font-weight: 400\">A continuaci\u00f3n, tambi\u00e9n ha recordado que \u00c9l es \u201cel Se\u00f1or de las sorpresas\u201d. Tampoco el Se\u00f1or \u201cest\u00e1 parado\u201d. Yo &#8211;ha explicado Francisco&#8211; estoy en camino para encontrarla y \u00c9l est\u00e1 en camino para encontrarme, y cuando nos encontramos vemos que la gran sorpresa es que \u00c9l me est\u00e1 buscando, antes que yo empiece a buscarlo. <\/span><\/p>\n<p style=\"text-align: justify\"><span style=\"font-weight: 400\">Esta es la sorpresa del encuentro con el Se\u00f1or: \u201c\u00c9l nos ha buscado antes. \u00c9l siempre est\u00e1 primero. \u00c9l hace su camino para encontrarnos\u201d. Eso es &#8211;ha recordado&#8211; lo que le sucedi\u00f3 al centuri\u00f3n. \u201cNosotros damos un paso y \u00c9l da diez\u201d. As\u00ed, ha asegurado que \u201cla abundancia de su gracia, de su amor, de su ternura que no se cansa buscarnos\u201d. El Pont\u00edfice ha subrayado que el nuestro es el Dios de las sorpresas, el Dios que nos est\u00e1 buscando, no est\u00e1 esperando y \u201csolamente nos pide el peque\u00f1o paso de la buena voluntad\u201d. Nosotros \u201ctenemos que tener las ganas de encontrarlo\u201d. Y despu\u00e9s \u201c\u00c9l nos ayuda\u201d. Al respecto, ha asegurado el Papa que muchas veces Dios \u201cnos ver\u00e1 alejarnos de \u00c9l, y \u00c9l espera como el Padre del hijo pr\u00f3digo\u201d.<\/span><\/p>\n<p style=\"text-align: justify\"><span style=\"font-weight: 400\">Por otro lado, el Santo Padre ha asegurado que siempre le ha conmovido lo que Benedicto XVI dijo en un ocasi\u00f3n: que la fe no es una teor\u00eda, una filosof\u00eda o una idea: es un encuentro con Jes\u00fas. <\/span><\/p>\n<p style=\"text-align: justify\"><span style=\"font-weight: 400\">Finalmente, el Pont\u00edfice ha se\u00f1alado que los doctores de la ley \u201csab\u00edan todo de la dogm\u00e1tica del tiempo, todo de la moral de aquel tiempo\u201d. Pero &#8211;ha lamentado&#8211; no ten\u00edan fe porque su coraz\u00f3n se hab\u00eda alejado de Dios. <\/span><\/p>\n<p><span class=\"et_bloom_bottom_trigger\"><\/span><\/p>\n<p><a href=\"https:\/\/es.zenit.org\/\" target=\"_blank\" rel=\"nofollow\">Fuente: es.zenit.org<\/a><\/p>\n","protected":false},"excerpt":{"rendered":"<p>(ZENIT &#8211; Ciudad del Vaticano).- El papa Francisco ha explicado, en la homil\u00eda de este lunes en Santa Marta, que la fe cristiana no es \u201cuna teor\u00eda o una filosof\u00eda\u201d, sino que es \u201cel encuentro con Jes\u00fas. De este modo, ha recordado que para encontrar realmente a Jes\u00fas tenemos que ponernos en camino con tres &hellip; <a href=\"https:\/\/www.biblia.work\/noticias\/el-papa-en-sta-marta-la-fe-cristiana-no-es-una-filosofia-es-el-encuentro-con-jesus\/\" class=\"more-link\">Continuar leyendo<span class=\"screen-reader-text\"> \u00abEl Papa en Sta. Marta: La fe cristiana no es una filosof\u00eda, es el encuentro con Jes\u00fas\u00bb<\/span><\/a><\/p>\n","protected":false},"author":1,"featured_media":0,"comment_status":"open","ping_status":"closed","sticky":false,"template":"","format":"standard","meta":{"footnotes":""},"categories":[1],"tags":[],"class_list":["post-9380","post","type-post","status-publish","format-standard","hentry","category-general"],"_links":{"self":[{"href":"https:\/\/www.biblia.work\/noticias\/wp-json\/wp\/v2\/posts\/9380","targetHints":{"allow":["GET"]}}],"collection":[{"href":"https:\/\/www.biblia.work\/noticias\/wp-json\/wp\/v2\/posts"}],"about":[{"href":"https:\/\/www.biblia.work\/noticias\/wp-json\/wp\/v2\/types\/post"}],"author":[{"embeddable":true,"href":"https:\/\/www.biblia.work\/noticias\/wp-json\/wp\/v2\/users\/1"}],"replies":[{"embeddable":true,"href":"https:\/\/www.biblia.work\/noticias\/wp-json\/wp\/v2\/comments?post=9380"}],"version-history":[{"count":0,"href":"https:\/\/www.biblia.work\/noticias\/wp-json\/wp\/v2\/posts\/9380\/revisions"}],"wp:attachment":[{"href":"https:\/\/www.biblia.work\/noticias\/wp-json\/wp\/v2\/media?parent=9380"}],"wp:term":[{"taxonomy":"category","embeddable":true,"href":"https:\/\/www.biblia.work\/noticias\/wp-json\/wp\/v2\/categories?post=9380"},{"taxonomy":"post_tag","embeddable":true,"href":"https:\/\/www.biblia.work\/noticias\/wp-json\/wp\/v2\/tags?post=9380"}],"curies":[{"name":"wp","href":"https:\/\/api.w.org\/{rel}","templated":true}]}}