{"id":9381,"date":"2016-11-28T07:15:03","date_gmt":"2016-11-28T12:15:03","guid":{"rendered":"http:\/\/www.biblia.work\/noticias\/francisco-reconoce-que-el-jubileo-fue-una-simple-intuicion-que-dios-convirtio-en-realidad\/"},"modified":"2016-11-28T07:15:03","modified_gmt":"2016-11-28T12:15:03","slug":"francisco-reconoce-que-el-jubileo-fue-una-simple-intuicion-que-dios-convirtio-en-realidad","status":"publish","type":"post","link":"https:\/\/www.biblia.work\/noticias\/francisco-reconoce-que-el-jubileo-fue-una-simple-intuicion-que-dios-convirtio-en-realidad\/","title":{"rendered":"Francisco reconoce que el Jubileo fue una \u201csimple intuici\u00f3n\u201d que Dios convirti\u00f3 en \u201crealidad\u201d"},"content":{"rendered":"<p style=\"text-align: justify\">(ZENIT &#8211; Ciudad del Vaticano).- El papa Francisco ha asegurado que tuvo una \u201csimple intuici\u00f3n\u201d cuando expres\u00f3 el deseo de un Jubileo de la Misericordia. Sin embargo, ha reconocido que nunca hubiera pensado que \u201cel Se\u00f1or lo convirtiera en una realidad y que, sobre todo, se pudiera celebrar con tanta fe y alegr\u00eda en las comunidades cristianas esparcidas por el mundo\u201d.<br \/>\nEn un encuentro con los organizadores y colaboradores del Jubileo Extraordinario de la Misericordia en ocasi\u00f3n de la clausura del A\u00f1o Santo, el Pont\u00edfice ha dado las gracias a todos los que de alguna manera han participado y ayudado para el buen resultado.<br \/>\nEn particular, ha dado las gracias a monse\u00f1or Rino Fisichella, presidente del Pontificio Consejo para la Promoci\u00f3n de la Nueva Evangelizaci\u00f3n, por el \u201ccompromiso precioso realizado durante estos meses\u201d.<br \/>\nAsimismo, el Santo Padre ha asegurado que ha sido un A\u00f1o denso, lleno de iniciativas en toda la Iglesia, \u201cdonde se ha podido ver y tocar con la mano los frutos de la misericordia de Dios\u201d.<br \/>\nTambi\u00e9n ha subrayado que la Puerta de la misericordia abierta en todas las catedrales y en los santuarios \u201cha consentido que los fieles no encontraran ning\u00fan obst\u00e1culo para experimentar el amor de Dios\u201d. Ha sucedido algo verdaderamente extraordinario &#8211;ha a\u00f1adido&#8211; que ahora es necesario incluir en la vida de cada d\u00eda para convertir la misericordia en un compromiso y un estilo de vida permanente para los creyentes.<br \/>\nDe este modo, Francisco ha asegurado a los presentes que todos ellos han hecho posible \u201cque este evento de gracia se celebrara de forma segura, con gran afluencia de peregrinos y de forma que se pusiera de manifiesto el profundo valor espiritual que el Jubileo representa\u201d.<br \/>\nPor ello, Francisco ha dado las gracias a todas las instituciones y autoridades implicadas en el A\u00f1o Jubilar, as\u00ed como al dicasterio vaticano encargado de la organizaci\u00f3n y a los voluntarios.<br \/>\n\u201cSi t\u00fa quieres obtener misericordia, debes t\u00fa mismo ser misericordioso\u201d. Estas palabras de san Agust\u00edn &#8211;ha indicado el Papa&#8211; puedan ser de consuelo para todos nosotros. \u201cCon vuestro compromiso hab\u00e9is expresado no solo el trabajo cotidiano, sino que hab\u00e9is dado un verdadero servicio de misericordia a los millones de peregrinos que han llegado a Roma\u201d. Finalmente ha deseado que este cansancio pueda \u201cser recompensado por la experiencia de misericordia que el Se\u00f1or no dejar\u00e1 que os falte\u201d.<\/p>\n<p><span class=\"et_bloom_bottom_trigger\"><\/span><\/p>\n<p><a href=\"https:\/\/es.zenit.org\/\" target=\"_blank\" rel=\"nofollow\">Fuente: es.zenit.org<\/a><\/p>\n","protected":false},"excerpt":{"rendered":"<p>(ZENIT &#8211; Ciudad del Vaticano).- El papa Francisco ha asegurado que tuvo una \u201csimple intuici\u00f3n\u201d cuando expres\u00f3 el deseo de un Jubileo de la Misericordia. Sin embargo, ha reconocido que nunca hubiera pensado que \u201cel Se\u00f1or lo convirtiera en una realidad y que, sobre todo, se pudiera celebrar con tanta fe y alegr\u00eda en las &hellip; <a href=\"https:\/\/www.biblia.work\/noticias\/francisco-reconoce-que-el-jubileo-fue-una-simple-intuicion-que-dios-convirtio-en-realidad\/\" class=\"more-link\">Continuar leyendo<span class=\"screen-reader-text\"> \u00abFrancisco reconoce que el Jubileo fue una \u201csimple intuici\u00f3n\u201d que Dios convirti\u00f3 en \u201crealidad\u201d\u00bb<\/span><\/a><\/p>\n","protected":false},"author":1,"featured_media":0,"comment_status":"open","ping_status":"closed","sticky":false,"template":"","format":"standard","meta":{"footnotes":""},"categories":[1],"tags":[],"class_list":["post-9381","post","type-post","status-publish","format-standard","hentry","category-general"],"_links":{"self":[{"href":"https:\/\/www.biblia.work\/noticias\/wp-json\/wp\/v2\/posts\/9381","targetHints":{"allow":["GET"]}}],"collection":[{"href":"https:\/\/www.biblia.work\/noticias\/wp-json\/wp\/v2\/posts"}],"about":[{"href":"https:\/\/www.biblia.work\/noticias\/wp-json\/wp\/v2\/types\/post"}],"author":[{"embeddable":true,"href":"https:\/\/www.biblia.work\/noticias\/wp-json\/wp\/v2\/users\/1"}],"replies":[{"embeddable":true,"href":"https:\/\/www.biblia.work\/noticias\/wp-json\/wp\/v2\/comments?post=9381"}],"version-history":[{"count":0,"href":"https:\/\/www.biblia.work\/noticias\/wp-json\/wp\/v2\/posts\/9381\/revisions"}],"wp:attachment":[{"href":"https:\/\/www.biblia.work\/noticias\/wp-json\/wp\/v2\/media?parent=9381"}],"wp:term":[{"taxonomy":"category","embeddable":true,"href":"https:\/\/www.biblia.work\/noticias\/wp-json\/wp\/v2\/categories?post=9381"},{"taxonomy":"post_tag","embeddable":true,"href":"https:\/\/www.biblia.work\/noticias\/wp-json\/wp\/v2\/tags?post=9381"}],"curies":[{"name":"wp","href":"https:\/\/api.w.org\/{rel}","templated":true}]}}