{"id":9385,"date":"2016-11-28T08:15:02","date_gmt":"2016-11-28T13:15:02","guid":{"rendered":"http:\/\/www.biblia.work\/noticias\/el-santo-padre-recibe-al-primer-ministro-de-irlanda\/"},"modified":"2016-11-28T08:15:02","modified_gmt":"2016-11-28T13:15:02","slug":"el-santo-padre-recibe-al-primer-ministro-de-irlanda","status":"publish","type":"post","link":"https:\/\/www.biblia.work\/noticias\/el-santo-padre-recibe-al-primer-ministro-de-irlanda\/","title":{"rendered":"El Santo Padre recibe al primer ministro de Irlanda"},"content":{"rendered":"<p style=\"text-align: justify\"><span style=\"font-weight: 400\">(ZENIT &#8211; Ciudad del Vaticano).- El papa\u00a0Francisco ha recibido hoy en audiencia al primer ministro de Irlanda, Enda Kenny.\u00a0<\/span><span style=\"font-weight: 400\">Durante el encuentro, que se ha desarrollado en una atm\u00f3sfera de cordialidad, \u201cse ha hablado de los lazos hist\u00f3ricos entre la Santa Sede e Irlanda, poniendo de relieve la constante contribuci\u00f3n asegurada por la Iglesia cat\u00f3lica en el \u00e1mbito social y educativo\u201d, indica el comunicado de la oficina de prensa de la Santa Sede.\u00a0El encuentro privado ha durado cerca de 25 minutos acompa\u00f1ados por un int\u00e9rprete.<\/span><\/p>\n<p style=\"text-align: justify\"><span style=\"font-weight: 400\">Asimismo, \u201cse ha tratado de la importancia del papel de los cristianos en el espacio p\u00fablico\u201d, sobre todo en \u201cla promoci\u00f3n del respeto de la dignidad de cada persona, empezando por las m\u00e1s d\u00e9biles e indefensas\u201d.\u00a0<\/span><span style=\"font-weight: 400\">El coloquio, concluye el comunicado, ha proseguido \u201ccon un intercambio de puntos de vista sobre Europa\u201d, con una referencia especial al \u201cfen\u00f3meno migratorio\u201d, \u201cal empleo juvenil\u201d y a los \u201cretos principales que el continente est\u00e1 llamado a enfrentar en materia pol\u00edtica e institucional\u201d.<\/span><\/p>\n<p style=\"text-align: justify\"><span style=\"font-weight: 400\">El primer ministro ha regalado al Santo Padre una imagen a color de una vidriera obra del artista ingl\u00e9s Harry Clarke que retrata la escena de la Natividad. Por su parte, el Pont\u00edfice le ha entregado la enc\u00edclica<\/span><i><span style=\"font-weight: 400\"> Laudato Si<\/span><\/i><span style=\"font-weight: 400\">\u2018 y las exhortaciones apost\u00f3licas<\/span><i><span style=\"font-weight: 400\"> Evangelii Gaudium<\/span><\/i><span style=\"font-weight: 400\"> y <\/span><i><span style=\"font-weight: 400\">Amoris Laetitia,<\/span><\/i><span style=\"font-weight: 400\"> \u00a0y el medall\u00f3n de la paz. Adem\u00e1s, le ha regalado\u00a0tambi\u00e9n un aguafuerte del proyecto inicial de la Bas\u00edlica de San Pedro despu\u00e9s de Constantino, antes de las modificaciones de Miguel \u00c1ngel.<\/span><\/p>\n<p style=\"text-align: justify\"><span style=\"font-weight: 400\">A continuaci\u00f3n, el mandatario irland\u00e9s se ha reunido con el cardenal Pietro Parolin, s<\/span><span style=\"font-weight: 400\">ecretario de Estado, a quien acompa\u00f1aba el arzobispo Paul Richard Gallagher, Secretario para las Relaciones con los Estados. <\/span><\/p>\n<p><span class=\"et_bloom_bottom_trigger\"><\/span><\/p>\n<p><a href=\"https:\/\/es.zenit.org\/\" target=\"_blank\" rel=\"nofollow\">Fuente: es.zenit.org<\/a><\/p>\n","protected":false},"excerpt":{"rendered":"<p>(ZENIT &#8211; Ciudad del Vaticano).- El papa\u00a0Francisco ha recibido hoy en audiencia al primer ministro de Irlanda, Enda Kenny.\u00a0Durante el encuentro, que se ha desarrollado en una atm\u00f3sfera de cordialidad, \u201cse ha hablado de los lazos hist\u00f3ricos entre la Santa Sede e Irlanda, poniendo de relieve la constante contribuci\u00f3n asegurada por la Iglesia cat\u00f3lica en &hellip; <a href=\"https:\/\/www.biblia.work\/noticias\/el-santo-padre-recibe-al-primer-ministro-de-irlanda\/\" class=\"more-link\">Continuar leyendo<span class=\"screen-reader-text\"> \u00abEl Santo Padre recibe al primer ministro de Irlanda\u00bb<\/span><\/a><\/p>\n","protected":false},"author":1,"featured_media":0,"comment_status":"open","ping_status":"closed","sticky":false,"template":"","format":"standard","meta":{"footnotes":""},"categories":[1],"tags":[],"class_list":["post-9385","post","type-post","status-publish","format-standard","hentry","category-general"],"_links":{"self":[{"href":"https:\/\/www.biblia.work\/noticias\/wp-json\/wp\/v2\/posts\/9385","targetHints":{"allow":["GET"]}}],"collection":[{"href":"https:\/\/www.biblia.work\/noticias\/wp-json\/wp\/v2\/posts"}],"about":[{"href":"https:\/\/www.biblia.work\/noticias\/wp-json\/wp\/v2\/types\/post"}],"author":[{"embeddable":true,"href":"https:\/\/www.biblia.work\/noticias\/wp-json\/wp\/v2\/users\/1"}],"replies":[{"embeddable":true,"href":"https:\/\/www.biblia.work\/noticias\/wp-json\/wp\/v2\/comments?post=9385"}],"version-history":[{"count":0,"href":"https:\/\/www.biblia.work\/noticias\/wp-json\/wp\/v2\/posts\/9385\/revisions"}],"wp:attachment":[{"href":"https:\/\/www.biblia.work\/noticias\/wp-json\/wp\/v2\/media?parent=9385"}],"wp:term":[{"taxonomy":"category","embeddable":true,"href":"https:\/\/www.biblia.work\/noticias\/wp-json\/wp\/v2\/categories?post=9385"},{"taxonomy":"post_tag","embeddable":true,"href":"https:\/\/www.biblia.work\/noticias\/wp-json\/wp\/v2\/tags?post=9385"}],"curies":[{"name":"wp","href":"https:\/\/api.w.org\/{rel}","templated":true}]}}