{"id":9386,"date":"2016-11-28T08:15:02","date_gmt":"2016-11-28T13:15:02","guid":{"rendered":"http:\/\/www.biblia.work\/noticias\/pesame-del-santo-padre-por-el-fallecimiento-del-jesuita-peter-hans-kolvenbach\/"},"modified":"2016-11-28T08:15:02","modified_gmt":"2016-11-28T13:15:02","slug":"pesame-del-santo-padre-por-el-fallecimiento-del-jesuita-peter-hans-kolvenbach","status":"publish","type":"post","link":"https:\/\/www.biblia.work\/noticias\/pesame-del-santo-padre-por-el-fallecimiento-del-jesuita-peter-hans-kolvenbach\/","title":{"rendered":"P\u00e9same del Santo Padre por el fallecimiento del jesuita Peter Hans Kolvenbach"},"content":{"rendered":"<p style=\"text-align: justify\">(ZENIT &#8211; Ciudad del Vaticano).- El papa Francisco ha enviado un telegrama al superior general de los jesuitas para darle el p\u00e9same por la muerte del padre Peter Hans Kolvenbach, S.J., quien fue durante 24 a\u00f1os superior general de la Compa\u00f1\u00eda de Jes\u00fas.<\/p>\n<p style=\"text-align: justify\">De este modo, en su mensaje enviado al padre Arturo Sosa, el Santo Padre desea expresar a toda la familia de jesuitas \u201cmi m\u00e1s sentido p\u00e9same\u201d. Recordando la \u201c\u00edntegra fidelidad del padre Kolvenbach a Cristo y a su Evangelio\u201d, unida a un generoso compromiso en el \u201cejercitar con esp\u00edritu de servicio el propio trabajo por el bien de la Iglesia\u201d, el Pont\u00edfice eleva \u201coraciones de sufragio invocando de la Divina Misericordia\u201d la paz eterna para su alma.<br \/>\nFinalmente el Papa asegura su \u201cpresencia espiritual\u201d en el funeral e imparte su bendici\u00f3n a todos los que comparten la tristeza por este luto.<\/p>\n<p style=\"text-align: justify\">El padre Kolvenbach falleci\u00f3 el 26 de noviembre por la tarde. Naci\u00f3 en 1928 en Druten, en los Pa\u00edses Bajos. Su padre era comerciante en Nimega, donde se traslad\u00f3 desde ni\u00f1o y donde fue alumno en el Canisius College. Su formaci\u00f3n juvenil transcurre en los a\u00f1os de la Segunda Guerra Mundial y la ocupaci\u00f3n nazi, \u201cun contexto que seg\u00fan reconoce \u00e9l mismo, le provoc\u00f3 una desilusi\u00f3n por la pol\u00edtica y las ideolog\u00edas\u201d. El 1948 ingres\u00f3 en la Compa\u00f1\u00eda de Jes\u00fas, en el noviciado de Mari\u00ebndaal, en Grave. Curs\u00f3 estudios de Filosof\u00eda y Ling\u00fc\u00edstica, y en 1958 fue enviado al L\u00edbano. Estudi\u00f3 Teolog\u00eda en la Universidad de San Jos\u00e9 de Beirut, donde tambi\u00e9n ejerci\u00f3 como profesor. Estudi\u00f3 armenio y se orden\u00f3 sacerdote por el rito cristiano armenio. En el L\u00edbano pas\u00f3 m\u00e1s de 20 a\u00f1os.<br \/>\nEn 1974 fue nombrado Provincial de la Vice-Provincia del Oriente Pr\u00f3ximo, que abarca Egipto, Siria, L\u00edbano y Turqu\u00eda. Ocupa este cargo durante 7 a\u00f1os.<br \/>\nEl a\u00f1o 1981, el padre Arrupe lo nombr\u00f3 rector del Pontificio Instituto Oriental de Roma, que se ocupa de las Iglesias Orientales.<br \/>\nDespu\u00e9s de sufrir el padre Arrupe un grave problema de salud, se convoc\u00f3 la Congregaci\u00f3n General 33, para sucederle. El 13 de septiembre de 1983, Peter-Hans Kolvenbach fue elegido como Superior General de los Jesuitas.<br \/>\nEl 14 de enero de 2008, durante la Congregaci\u00f3n General 35, se acept\u00f3 su renuncia. Fue sucedido por el padre Adolfo Nicol\u00e1s. Y el padre Kolvenbach volvi\u00f3 al L\u00edbano, donde ha vivido sus \u00faltimos a\u00f1os.<\/p>\n<p><span class=\"et_bloom_bottom_trigger\"><\/span><\/p>\n<p><a href=\"https:\/\/es.zenit.org\/\" target=\"_blank\" rel=\"nofollow\">Fuente: es.zenit.org<\/a><\/p>\n","protected":false},"excerpt":{"rendered":"<p>(ZENIT &#8211; Ciudad del Vaticano).- El papa Francisco ha enviado un telegrama al superior general de los jesuitas para darle el p\u00e9same por la muerte del padre Peter Hans Kolvenbach, S.J., quien fue durante 24 a\u00f1os superior general de la Compa\u00f1\u00eda de Jes\u00fas. De este modo, en su mensaje enviado al padre Arturo Sosa, el &hellip; <a href=\"https:\/\/www.biblia.work\/noticias\/pesame-del-santo-padre-por-el-fallecimiento-del-jesuita-peter-hans-kolvenbach\/\" class=\"more-link\">Continuar leyendo<span class=\"screen-reader-text\"> \u00abP\u00e9same del Santo Padre por el fallecimiento del jesuita Peter Hans Kolvenbach\u00bb<\/span><\/a><\/p>\n","protected":false},"author":1,"featured_media":0,"comment_status":"open","ping_status":"closed","sticky":false,"template":"","format":"standard","meta":{"footnotes":""},"categories":[1],"tags":[],"class_list":["post-9386","post","type-post","status-publish","format-standard","hentry","category-general"],"_links":{"self":[{"href":"https:\/\/www.biblia.work\/noticias\/wp-json\/wp\/v2\/posts\/9386","targetHints":{"allow":["GET"]}}],"collection":[{"href":"https:\/\/www.biblia.work\/noticias\/wp-json\/wp\/v2\/posts"}],"about":[{"href":"https:\/\/www.biblia.work\/noticias\/wp-json\/wp\/v2\/types\/post"}],"author":[{"embeddable":true,"href":"https:\/\/www.biblia.work\/noticias\/wp-json\/wp\/v2\/users\/1"}],"replies":[{"embeddable":true,"href":"https:\/\/www.biblia.work\/noticias\/wp-json\/wp\/v2\/comments?post=9386"}],"version-history":[{"count":0,"href":"https:\/\/www.biblia.work\/noticias\/wp-json\/wp\/v2\/posts\/9386\/revisions"}],"wp:attachment":[{"href":"https:\/\/www.biblia.work\/noticias\/wp-json\/wp\/v2\/media?parent=9386"}],"wp:term":[{"taxonomy":"category","embeddable":true,"href":"https:\/\/www.biblia.work\/noticias\/wp-json\/wp\/v2\/categories?post=9386"},{"taxonomy":"post_tag","embeddable":true,"href":"https:\/\/www.biblia.work\/noticias\/wp-json\/wp\/v2\/tags?post=9386"}],"curies":[{"name":"wp","href":"https:\/\/api.w.org\/{rel}","templated":true}]}}