{"id":9395,"date":"2016-11-28T12:15:02","date_gmt":"2016-11-28T17:15:02","guid":{"rendered":"http:\/\/www.biblia.work\/noticias\/espana-el-cardenal-blazquez-escribe-al-papa-francisco\/"},"modified":"2016-11-28T12:15:02","modified_gmt":"2016-11-28T17:15:02","slug":"espana-el-cardenal-blazquez-escribe-al-papa-francisco","status":"publish","type":"post","link":"https:\/\/www.biblia.work\/noticias\/espana-el-cardenal-blazquez-escribe-al-papa-francisco\/","title":{"rendered":"Espa\u00f1a: El cardenal Bl\u00e1zquez escribe al papa Francisco"},"content":{"rendered":"<p style=\"text-align: justify\">(ZENIT &#8211; Roma).- El presidente de la Conferencia Episcopal Espa\u00f1ola, CEE, el cardenal Ricardo Bl\u00e1zquez, ha remitido al Santo Padre una carta al terminar los trabajos de la Asamblea Plenaria, \u00a0que tuvo lugar la semana pasada. En su carta, el cardenal Bl\u00e1zquez &#8211;informa la nota de la CEE&#8211; ha agradecido al papa Francisco la convocatoria del A\u00f1o Santo de la Misericordia, \u201crealmente un A\u00f1o de Gracia del Se\u00f1or&#8221;. Por eso le pide al Pont\u00edfice\u00a0que &#8220;reciba nuestro agradecimiento por la convocatoria, el estimulo constante y la magn\u00edfica culminaci\u00f3n&#8221;. \u00a0Y a\u00f1ade que &#8220;la carta apost\u00f3lica <em>Misericordia et misera<\/em> nos exhorta oportunamente a que recorramos la v\u00eda de la caridad\u201d.<\/p>\n<div class=\"post-content\">\n<p style=\"text-align: justify\">Al mismo tiempo, el cardenal Bl\u00e1zquez, al referirse al trabajo de la Asamblea Plenaria en torno a la orientaci\u00f3n de la pastoral familiar con la ayuda de la exhortaci\u00f3n Amoris Laetitia, agradece al Santo Padre \u201cel excelente documento, que es un servicio extraordinario a la Iglesia y una inestimable ayuda a la humanidad ante los desaf\u00edos que padece actualmente la familia\u201d.<\/p>\n<p style=\"text-align: justify\">La carta finaliza expresando a\u00a0Francisco\u201cnuestra comuni\u00f3n cordial y obediente\u201d y expresa la petici\u00f3n \u201cal Se\u00f1or que contin\u00fae alentando su dedicaci\u00f3n abnegada al ministerio que le ha confiado&#8221;. El purpurado asegura el Papa que cuenta &#8220;con nuestra cercan\u00eda y apoyo en las dificultades y las pruebas que la fidelidad al Evangelio le exija&#8221;. Gracias &#8211;concluye la misiva&#8211; por su ejemplo que nos ilumina en el camino.<\/p>\n<\/div>\n<p><span class=\"et_bloom_bottom_trigger\"><\/span><\/p>\n<p><a href=\"https:\/\/es.zenit.org\/\" target=\"_blank\" rel=\"nofollow\">Fuente: es.zenit.org<\/a><\/p>\n","protected":false},"excerpt":{"rendered":"<p>(ZENIT &#8211; Roma).- El presidente de la Conferencia Episcopal Espa\u00f1ola, CEE, el cardenal Ricardo Bl\u00e1zquez, ha remitido al Santo Padre una carta al terminar los trabajos de la Asamblea Plenaria, \u00a0que tuvo lugar la semana pasada. En su carta, el cardenal Bl\u00e1zquez &#8211;informa la nota de la CEE&#8211; ha agradecido al papa Francisco la convocatoria &hellip; <a href=\"https:\/\/www.biblia.work\/noticias\/espana-el-cardenal-blazquez-escribe-al-papa-francisco\/\" class=\"more-link\">Continuar leyendo<span class=\"screen-reader-text\"> \u00abEspa\u00f1a: El cardenal Bl\u00e1zquez escribe al papa Francisco\u00bb<\/span><\/a><\/p>\n","protected":false},"author":1,"featured_media":0,"comment_status":"open","ping_status":"closed","sticky":false,"template":"","format":"standard","meta":{"footnotes":""},"categories":[1],"tags":[],"class_list":["post-9395","post","type-post","status-publish","format-standard","hentry","category-general"],"_links":{"self":[{"href":"https:\/\/www.biblia.work\/noticias\/wp-json\/wp\/v2\/posts\/9395","targetHints":{"allow":["GET"]}}],"collection":[{"href":"https:\/\/www.biblia.work\/noticias\/wp-json\/wp\/v2\/posts"}],"about":[{"href":"https:\/\/www.biblia.work\/noticias\/wp-json\/wp\/v2\/types\/post"}],"author":[{"embeddable":true,"href":"https:\/\/www.biblia.work\/noticias\/wp-json\/wp\/v2\/users\/1"}],"replies":[{"embeddable":true,"href":"https:\/\/www.biblia.work\/noticias\/wp-json\/wp\/v2\/comments?post=9395"}],"version-history":[{"count":0,"href":"https:\/\/www.biblia.work\/noticias\/wp-json\/wp\/v2\/posts\/9395\/revisions"}],"wp:attachment":[{"href":"https:\/\/www.biblia.work\/noticias\/wp-json\/wp\/v2\/media?parent=9395"}],"wp:term":[{"taxonomy":"category","embeddable":true,"href":"https:\/\/www.biblia.work\/noticias\/wp-json\/wp\/v2\/categories?post=9395"},{"taxonomy":"post_tag","embeddable":true,"href":"https:\/\/www.biblia.work\/noticias\/wp-json\/wp\/v2\/tags?post=9395"}],"curies":[{"name":"wp","href":"https:\/\/api.w.org\/{rel}","templated":true}]}}