{"id":9396,"date":"2016-11-28T12:15:02","date_gmt":"2016-11-28T17:15:02","guid":{"rendered":"http:\/\/www.biblia.work\/noticias\/kiko-arguello-mi-libro-un-testamento-espiritual-carmen-insustituible\/"},"modified":"2016-11-28T12:15:02","modified_gmt":"2016-11-28T17:15:02","slug":"kiko-arguello-mi-libro-un-testamento-espiritual-carmen-insustituible","status":"publish","type":"post","link":"https:\/\/www.biblia.work\/noticias\/kiko-arguello-mi-libro-un-testamento-espiritual-carmen-insustituible\/","title":{"rendered":"Kiko Arg\u00fcello: \u201cMi libro, un testamento espiritual. Carmen, insustituible\u2026\u201d"},"content":{"rendered":"<p style=\"text-align: justify\">(ZENIT -Roma).-\u00a0&#8220;En mi pecho, Se\u00f1or, has abierto una grieta. Es un abismo oscuro, un universo que te a\u00f1ora. En ella me pierdo y sufro &#8220;. &#8220;Conc\u00e9deme quererte, Se\u00f1or&#8221;. &#8220;Arma del cristiano, la oraci\u00f3n&#8221;. Son solo algunas de las 506 oraciones, reflexiones, poemas, pensamientos, que Kiko Arg\u00fcello ha anotado en un peque\u00f1o cuaderno durante unos 25 a\u00f1os y que ahora son publicadas en un libro.<br \/>\n&#8220;Anotaciones&#8221; es el t\u00edtulo del volumen del iniciador del Camino Neocatecumenal, el segundo despu\u00e9s del <em>best-seller<\/em> del 2012 \u201cEl <em>kerygma<\/em>. En las chabolas con los pobres&#8221;. Con pr\u00f3logo del cardenal Ricardo Bl\u00e1zquez, presidente de la Conferencia Episcopal Espa\u00f1ola, el libro se present\u00f3 el pasado viernes en Roma, y acompa\u00f1ando a Arg\u00fcello estaba el cardenal Gerhard Ludwig M\u00fcller, prefecto de la Congregaci\u00f3n para la Doctrina de la Fe. Antes de la reuni\u00f3n, Kiko concedi\u00f3 una entrevista exclusiva a ZENIT.<br \/>\n***<br \/>\n<strong>\u00bfC\u00f3mo definir\u00eda su libro? \u00bfPor qu\u00e9 la necesidad de publicar estas reflexiones que resultan, en algunas partes, tan \u00edntimas?<\/strong><br \/>\n&#8212; Kiko Arg\u00fcello: Han sido los sufrimientos que he tenido, momentos de &#8220;regurgitaci\u00f3n&#8221; espiritual, de desahogo, durante los cuales empec\u00e9 a hacer un di\u00e1logo conmigo mismo escribiendo en un cuaderno. He escrito, a\u00f1o tras a\u00f1o, estas anotaciones. \u00a1Nunca pens\u00e9 en publicarlas! Desde 1988 llevaba estos papeles en la bolsa y dado que se me estaban rompiendo\u00a0le ped\u00ed a un amigo que las pasara al ordenador. \u00c9l me dijo: &#8220;Kiko, esto es muy fuerte, \u00bfpor qu\u00e9 no lo publicas? Har\u00eda mucho bien a los hermanos del Camino, porque aqu\u00ed est\u00e1 tu alma&#8221;. Lo pens\u00e9 y, con impulso tambi\u00e9n de la BAC (Biblioteca de Autores Cristianos), decid\u00ed escribir entonces el libro que considero una especie de &#8220;testamento espiritual&#8221;, un regalo para mis comunidades fundadas en Madrid, en Roma, en el mundo, a las que quiero mucho. Aqu\u00ed est\u00e1 (muestra el volumen), me averg\u00fcenzo de leerlo porque es demasiado \u00edntimo&#8230; Pero a alguien tal vez va a hacer bien. En ese caso, \u00a1bendito sea el Se\u00f1or!<\/p>\n<p style=\"text-align: justify\"><strong>\u00bfLa muerte de Carmen en julio contribuy\u00f3 de alguna manera?<\/strong><br \/>\n&#8212; Kiko Arg\u00fcello: Sin duda ha acelerado la publicaci\u00f3n, porque me ha hecho darme cuenta de que pronto yo tambi\u00e9n morir\u00e9. Pens\u00e9 entonces que alguien habr\u00eda encontrado estas hojas. \u00bfQui\u00e9n lo habr\u00eda publicado? \u00bfQui\u00e9n los hubiera presentado? Tal vez, pens\u00e9, es mejor que lo haga yo mismo antes de morir.<\/p>\n<p style=\"text-align: justify\"><strong>A prop\u00f3sito de Carmen, hay muchos dentro y fuera del Camino que se preguntan si habr\u00e1 sustituta\u2026<\/strong><br \/>\n&#8212; Kiko Arg\u00fcello: Lo hemos pensado y hemos valorado muchas hip\u00f3tesis. Sin embargo, creemos que no: hasta que\u00a0el padre Mario y yo tengamos salud seguimos adelante como dos ap\u00f3stoles. Algunos hermanos nos ayudan en la evangelizaci\u00f3n y en otras cosas pr\u00e1cticas de todos los d\u00edas. Pero no pensamos en sustituir a Carmen, tambi\u00e9n porque ella es irreemplazable.<\/p>\n<p style=\"text-align: justify\"><strong>\u00bfLa echa de menos?<\/strong><br \/>\n&#8212; Kiko Arg\u00fcello: S\u00ed y no poco.<\/p>\n<p style=\"text-align: justify\"><strong>\u00bfQu\u00e9 recuerdo tiene de la que ha sido su compa\u00f1era de evangelizaci\u00f3n durante tanto tiempo?<\/strong><br \/>\n&#8212; Kiko Arg\u00fcello: Carmen ha sido maravillosa. Un amor a Cristo impresionante. Dios nos ha unido y preparado para esta obra grande en medio de los pobres. Hemos llevado la iniciaci\u00f3n cristiana a las parroquias, al menos a aquellas que lo han querido, y la gente ha descubierto qu\u00e9 quiere decir ser cristianos. Ser cristianos es la cosa m\u00e1s grande que pueda haber en la vida. Es la participaci\u00f3n a la vida de Cristo, a la vida divina, al amor de Dios que ama de forma sorprendente hasta morir crucificado como el \u00faltima de la tierra.<\/p>\n<p style=\"text-align: justify\"><strong>En las huellas de los recuerdos, el Camino Neocatecumenal dentro de alg\u00fan a\u00f1o celebra su 50 aniversario. \u00bfQu\u00e9 es lo primero que le viene a la mente recorriendo este medio siglo?<\/strong><br \/>\n&#8212; Kiko Arg\u00fcello: Pienso sobre todo en el hecho que junto a Carmen hemos viajado por todo el mundo: Am\u00e9rica, Asia, Europa, predicando el Evangelio en las iglesias, en las plazas, en los estadios. \u00a1Cu\u00e1ntos j\u00f3venes hemos encontrado, miles! \u00a1Cu\u00e1ntas vocaciones al sacerdocio, a la vida consagrada, a la misi\u00f3n, el Se\u00f1or ha suscitado! Realmente Dios no nos ha querido tener quietos un instante\u2026 Ha hecho todo \u00c9l con su celo de salvar la humanidad, y nosotros hemos sido solo instrumentos.<\/p>\n<p style=\"text-align: justify\"><strong>\u00bfSe siente satisfecho?<\/strong><br \/>\n&#8212; Kiko Arg\u00fcello: S\u00ed estoy contento, \u00a1pero siempre sufriendo! Me considero un pecador, un pobrecito, no s\u00e9 por qu\u00e9 Dios me da estos sentimientos..<\/p>\n<p style=\"text-align: justify\"><strong>Sinceramente, \u00bfcu\u00e1l cree que ha sido la contribuci\u00f3n que el Camino ha dado a la Iglesia?<\/strong><br \/>\n&#8212; Kiko Arg\u00fcello: Los Papas siempre han reconocido la gran contribuci\u00f3n del Camino Neocatecumenal a la Iglesia. El papa Francisco nos quiere mucho y nos ha definido como \u201cun don\u201d. Creo que el Camino ha servido tambi\u00e9n para salir de los l\u00edmites del clericalismo que, como dice a menudo el Santo Padre, es uno de los \u201cc\u00e1nceres\u201d de la Iglesia. A 50 a\u00f1os del Concilio, son muchos todav\u00eda en la Iglesia los que no soportan que un laico diga ciertas cosas, es una anomal\u00eda, o que el Se\u00f1or pueda dar un carisma a un laico, porque esto significa tener \u201cpoder\u201d. Esto todav\u00eda hoy nos hace sufrir un poco, pero Cristo ha sufrido mucho m\u00e1s que nosotros.<\/p>\n<p style=\"text-align: justify\"><strong>\u00bfSe prev\u00e9 alguna novedad para el futuro?<\/strong><br \/>\n&#8212; Kiko Arg\u00fcello: \u00bfEl futuro? \u00a1El futuro est\u00e1 en las manos de Dios! Proseguimos con la evangelizaci\u00f3n en las parroquias: son muchas las nuevas en el mundo que han abierto las puertas a esta realidad de iniciaci\u00f3n cristiana. Y despu\u00e9s las <em>missio ad gentes<\/em>, que son una ayuda sobre todo por las familias a hacerlas permanecer unidas.<\/p>\n<p style=\"text-align: justify\"><strong>\u00bfProsigue la evangelizaci\u00f3n en Asia?<\/strong><br \/>\n&#8212; Kiko Arg\u00fcello: \u00a1Absolutamente! El Papa ha enviado ya a unas 400 familias en Asia: se est\u00e1 abriendo Mongolia, Laos, Vietnam y tambi\u00e9n, poco a poco, China. Hablaba hace d\u00edas con el arzobispo de Pek\u00edn que me dijo: \u201cOs necesitamos, porque tenemos urgente necesidad de un nuevo catecumenado\u201d. Han abierto much\u00edsimas iglesias pero hay chinos que no saben nada de Cristo, del cristianismo, no se sabe c\u00f3mo educarlos, c\u00f3mo acercarles a la Iglesia\u2026 Yo he dicho: \u201cEstamos preparando 20 mil sacerdotes para la Iglesia en China, pero todav\u00eda somos demasiado pocos, \u00bfqu\u00e9 hacer?\u201d. Por otro lado, \u00bfqu\u00e9 son 20 mil sacerdotes para m\u00e1s de 300 mil iglesias? Nada. China es enorme, pero ahora es un momento de <em>kayr\u00f2s<\/em>, necesita ap\u00f3stoles. Y nosotros, en la medida de lo posible, probamos a favorecer la evangelizaci\u00f3n. En los seminarios Redemptoris Mater digo que se prepare un grupo para China, para llevar a Jesucristo. En China, de hecho, ahora solo hay dinero\u2026 dinero, dinero dinero\u2026 Y, como dice siempre el Papa, el dinero es el anti-Dios.<\/p>\n<p style=\"text-align: justify\"><strong>Sin embargo en Europa, ha dicho en diversas ocasiones, se corre el riesgo de la apostas\u00eda\u2026<\/strong><br \/>\n&#8212; Kiko Arg\u00fcello: No, no, no se corre el riesgo de la apostas\u00eda, Europa est\u00e1 ya en la apostas\u00eda. Y esto es un hecho serio, es la preparaci\u00f3n al anticristo. San Pablo dice en la segunda carta a los tesalonicenses que \u201cprimero vendr\u00e1 la apostas\u00eda y se revelar\u00e1 al hombre imp\u00edo\u201d, pero \u201cel Se\u00f1or Jes\u00fas destruir\u00e1 con el aliento de su boca \u201d. Nosotros creemos que este aliento sea el anuncio del <em>kerygma<\/em>. Por eso estamos preparando para los dos pr\u00f3ximos meses una misi\u00f3n en todo el mundo de miles de ap\u00f3stoles que, de dos en dos, \u201csin bolso, ni dinero\u201d anuncien el amor de Dios por la calle.<\/p>\n<p><span class=\"et_bloom_bottom_trigger\"><\/span><\/p>\n<p><a href=\"https:\/\/es.zenit.org\/\" target=\"_blank\" rel=\"nofollow\">Fuente: es.zenit.org<\/a><\/p>\n","protected":false},"excerpt":{"rendered":"<p>(ZENIT -Roma).-\u00a0&#8220;En mi pecho, Se\u00f1or, has abierto una grieta. Es un abismo oscuro, un universo que te a\u00f1ora. En ella me pierdo y sufro &#8220;. &#8220;Conc\u00e9deme quererte, Se\u00f1or&#8221;. &#8220;Arma del cristiano, la oraci\u00f3n&#8221;. Son solo algunas de las 506 oraciones, reflexiones, poemas, pensamientos, que Kiko Arg\u00fcello ha anotado en un peque\u00f1o cuaderno durante unos 25 &hellip; <a href=\"https:\/\/www.biblia.work\/noticias\/kiko-arguello-mi-libro-un-testamento-espiritual-carmen-insustituible\/\" class=\"more-link\">Continuar leyendo<span class=\"screen-reader-text\"> \u00abKiko Arg\u00fcello: \u201cMi libro, un testamento espiritual. Carmen, insustituible\u2026\u201d\u00bb<\/span><\/a><\/p>\n","protected":false},"author":1,"featured_media":0,"comment_status":"open","ping_status":"closed","sticky":false,"template":"","format":"standard","meta":{"footnotes":""},"categories":[1],"tags":[],"class_list":["post-9396","post","type-post","status-publish","format-standard","hentry","category-general"],"_links":{"self":[{"href":"https:\/\/www.biblia.work\/noticias\/wp-json\/wp\/v2\/posts\/9396","targetHints":{"allow":["GET"]}}],"collection":[{"href":"https:\/\/www.biblia.work\/noticias\/wp-json\/wp\/v2\/posts"}],"about":[{"href":"https:\/\/www.biblia.work\/noticias\/wp-json\/wp\/v2\/types\/post"}],"author":[{"embeddable":true,"href":"https:\/\/www.biblia.work\/noticias\/wp-json\/wp\/v2\/users\/1"}],"replies":[{"embeddable":true,"href":"https:\/\/www.biblia.work\/noticias\/wp-json\/wp\/v2\/comments?post=9396"}],"version-history":[{"count":0,"href":"https:\/\/www.biblia.work\/noticias\/wp-json\/wp\/v2\/posts\/9396\/revisions"}],"wp:attachment":[{"href":"https:\/\/www.biblia.work\/noticias\/wp-json\/wp\/v2\/media?parent=9396"}],"wp:term":[{"taxonomy":"category","embeddable":true,"href":"https:\/\/www.biblia.work\/noticias\/wp-json\/wp\/v2\/categories?post=9396"},{"taxonomy":"post_tag","embeddable":true,"href":"https:\/\/www.biblia.work\/noticias\/wp-json\/wp\/v2\/tags?post=9396"}],"curies":[{"name":"wp","href":"https:\/\/api.w.org\/{rel}","templated":true}]}}