{"id":9398,"date":"2016-11-28T12:40:07","date_gmt":"2016-11-28T17:40:07","guid":{"rendered":"http:\/\/www.biblia.work\/noticias\/el-senor-nos-visita-cada-dia-y-camina-a-nuestro-lado-expreso-el-papa-al-inicio-del-adviento-del-nuevo-ano-liturgico\/"},"modified":"2016-11-28T12:40:07","modified_gmt":"2016-11-28T17:40:07","slug":"el-senor-nos-visita-cada-dia-y-camina-a-nuestro-lado-expreso-el-papa-al-inicio-del-adviento-del-nuevo-ano-liturgico","status":"publish","type":"post","link":"https:\/\/www.biblia.work\/noticias\/el-senor-nos-visita-cada-dia-y-camina-a-nuestro-lado-expreso-el-papa-al-inicio-del-adviento-del-nuevo-ano-liturgico\/","title":{"rendered":"El Se\u00f1or nos visita cada d\u00eda y camina a nuestro lado, expres\u00f3 el Papa al inicio del Adviento del nuevo a\u00f1o lit\u00fargico"},"content":{"rendered":"<p> <img src='http:\/\/media02.radiovaticana.va\/photo\/2016\/11\/28\/RV21532_Thumbnail.jpg' alt='' align='left' hspace='5'> <\/p>\n<p><span><br \/>\n<audio class=\"video-js vjs-default-skin vjs-big-play-button-centered rv-custom-audio\" controls=\"\" id=\"audioItem_8992609\" preload=\"none\"><\/audio><br \/>\n<span class=\"rv-audio-download\"><a href=\"http:\/\/media02.radiovaticana.va\/audio\/audio2\/mp3\/00559612.mp3\" title=\"Download audio\"><img decoding=\"async\" src=\"http:\/\/es.radiovaticana.va\/Modules\/Presentation\/Styles\/images-common\/icons\/download-audio-mp3_off.png\" style=\"height: 30px\" \/><\/a><\/span> <\/span><\/p>\n<p>(RV).- La asamblea plenaria de los obispos espa&ntilde;oles se ha reunido en Madrid entre el 21 y 25 de noviembre. Ha sido su reuni&oacute;n n&uacute;mero 108 y al concluir la misma el Cardenal Bl&aacute;zquez, presidente de la conferencia episcopal ha enviado una carta al Papa Francisco agradeci&eacute;ndole el A&ntilde;o Santo de la Misericordia, la exhortaci&oacute;n Amoris Laetitia y expresando la comuni&oacute;n cordial y obediente de todo el episcopal espa&ntilde;ol.&nbsp;<\/p>\n<p>Esta plenaria, que ha coincidido con el 50 aniversario de la CEE ha recibido por este motivo la visita de los reyes de Espa&ntilde;a. Adem&aacute;s los obispos han estudiado sendos informes sobre&nbsp; la situaci&oacute;n del clero en Espa&ntilde;a y la misi&oacute;n de los formadores y directores espirituales as&iacute; como una reflexi&oacute;n sobre la pastoral familiar que quieren actualizar con la Amoris Laetitia. La plenaria ha tratado numeroso temas econ&oacute;micos que surgen despu&eacute;s de la creaci&oacute;n de la oficina de transparencia y que en adelante ser&aacute;n supervisadas por dicha oficina.<\/p>\n<p>Despu&eacute;s de reunirse el mes pasado con el entonces ministro de educaci&oacute;n, M&eacute;ndez Vigo, los obispos han abogado por un pacto educativo que elimine los vaivenes en la ley de educaci&oacute;n. Actualmente hay tres millones y medio de alumnos inscritos en la clase de religi&oacute;n, de ah&iacute; la importancia de una&nbsp; iglesia que quiere&nbsp; sumar en la nueva ley de educaci&oacute;n con coherencia, respetando el derecho de los padres a decidir e incluyendo la religi&oacute;n en el curriculum. El hecho religioso, ha dicho el secretario general Gil Tamayo, es algo positivo.<\/p>\n<p>Desde Madrid, para Radio Vaticano, Pilar P&eacute;rez del Yerro<\/p>\n<p><a href=\"http:\/\/es.radiovaticana.va\" target=\"_blank\" rel=\"nofollow\">Fuente: es.radiovaticana.va<\/a><\/p>\n","protected":false},"excerpt":{"rendered":"<p>(RV).- La asamblea plenaria de los obispos espa&ntilde;oles se ha reunido en Madrid entre el 21 y 25 de noviembre. Ha sido su reuni&oacute;n n&uacute;mero 108 y al concluir la misma el Cardenal Bl&aacute;zquez, presidente de la conferencia episcopal ha enviado una carta al Papa Francisco agradeci&eacute;ndole el A&ntilde;o Santo de la Misericordia, la exhortaci&oacute;n &hellip; <a href=\"https:\/\/www.biblia.work\/noticias\/el-senor-nos-visita-cada-dia-y-camina-a-nuestro-lado-expreso-el-papa-al-inicio-del-adviento-del-nuevo-ano-liturgico\/\" class=\"more-link\">Continuar leyendo<span class=\"screen-reader-text\"> \u00abEl Se\u00f1or nos visita cada d\u00eda y camina a nuestro lado, expres\u00f3 el Papa al inicio del Adviento del nuevo a\u00f1o lit\u00fargico\u00bb<\/span><\/a><\/p>\n","protected":false},"author":1,"featured_media":0,"comment_status":"open","ping_status":"closed","sticky":false,"template":"","format":"standard","meta":{"footnotes":""},"categories":[1],"tags":[],"class_list":["post-9398","post","type-post","status-publish","format-standard","hentry","category-general"],"_links":{"self":[{"href":"https:\/\/www.biblia.work\/noticias\/wp-json\/wp\/v2\/posts\/9398","targetHints":{"allow":["GET"]}}],"collection":[{"href":"https:\/\/www.biblia.work\/noticias\/wp-json\/wp\/v2\/posts"}],"about":[{"href":"https:\/\/www.biblia.work\/noticias\/wp-json\/wp\/v2\/types\/post"}],"author":[{"embeddable":true,"href":"https:\/\/www.biblia.work\/noticias\/wp-json\/wp\/v2\/users\/1"}],"replies":[{"embeddable":true,"href":"https:\/\/www.biblia.work\/noticias\/wp-json\/wp\/v2\/comments?post=9398"}],"version-history":[{"count":0,"href":"https:\/\/www.biblia.work\/noticias\/wp-json\/wp\/v2\/posts\/9398\/revisions"}],"wp:attachment":[{"href":"https:\/\/www.biblia.work\/noticias\/wp-json\/wp\/v2\/media?parent=9398"}],"wp:term":[{"taxonomy":"category","embeddable":true,"href":"https:\/\/www.biblia.work\/noticias\/wp-json\/wp\/v2\/categories?post=9398"},{"taxonomy":"post_tag","embeddable":true,"href":"https:\/\/www.biblia.work\/noticias\/wp-json\/wp\/v2\/tags?post=9398"}],"curies":[{"name":"wp","href":"https:\/\/api.w.org\/{rel}","templated":true}]}}