{"id":9401,"date":"2016-11-28T13:05:03","date_gmt":"2016-11-28T18:05:03","guid":{"rendered":"http:\/\/www.biblia.work\/noticias\/pesame-del-papa-por-sacerdote-jesuita-que-lidero-la-orden-24-anos\/"},"modified":"2016-11-28T13:05:03","modified_gmt":"2016-11-28T18:05:03","slug":"pesame-del-papa-por-sacerdote-jesuita-que-lidero-la-orden-24-anos","status":"publish","type":"post","link":"https:\/\/www.biblia.work\/noticias\/pesame-del-papa-por-sacerdote-jesuita-que-lidero-la-orden-24-anos\/","title":{"rendered":"P\u00e9same del Papa por sacerdote jesuita que lider\u00f3 la orden 24 a\u00f1os"},"content":{"rendered":"<p> VATICANO, 28 Nov. 16 (ACI).-<br \/>\n\tEl Papa Francisco ha enviado un telegrama de condolencias al P. Arturo Sosa, actual Prep&oacute;sito General de los jesuitas, con motivo de la muerte del que fuera Superior durante varios a&ntilde;os, el P. Peter-Hans Kolvenbach.<\/p>\n<p style=\"text-align: justify\">\n\t&ldquo;Deseo expresarle a Usted y a la familia de los jesuitas mi m&aacute;s sentido p&eacute;same&rdquo;, se&ntilde;ala el Papa. Francisco recuerda adem&aacute;s &ldquo;la &iacute;ntegra fidelidad del P. Kolvenbach a Cristo y a su Evangelio&rdquo; y asegurar elevar &ldquo;plegarias de sufragio invocando, de la Divina Misericordia, la paz eterna para su alma&rdquo;.<\/p>\n<p style=\"text-align: justify\">\n\tEl P. Peter-Hans Kolvenbach muri&oacute; el s&aacute;bado 28 de noviembre en Beirut (El L&iacute;bano) a los 87 a&ntilde;os.<\/p>\n<p style=\"text-align: justify\">\n\tEn 1981 el sacerdote se estableci&oacute; en Roma como Rector del Pontificio Instituto Oriental de Roma y fue elegido Superior General de la Compa&ntilde;&iacute;a de Jes&uacute;s el 13 de septiembre de 1983, durante la 33 Congregaci&oacute;n General.<\/p>\n<p style=\"text-align: justify\">\n\tEl 7 de enero de 2008, la Congregaci&oacute;n General 35 acept&oacute; su renuncia y fue sucedido por el Padre Adolfo Nicol&aacute;s quien a su vez fue sucedido hace algunas semanas por el P. Arturo Sosa, de Venezuela.<\/p>\n<p style=\"text-align: justify\">\n\tTambi&eacute;n te puede interesar:&nbsp;<\/p>\n<p style=\"text-align: justify\">\n\t\tPapa Francisco visitar&aacute; Irlanda en 2018 https:\/\/t.co\/NyBpEqreH2<\/p>\n<p>\t&mdash; ACI Prensa (@aciprensa) 28 de noviembre de 2016<\/p>\n<p style=\"text-align: justify\">\n\t&nbsp;<\/p>\n","protected":false},"excerpt":{"rendered":"<p>VATICANO, 28 Nov. 16 (ACI).- El Papa Francisco ha enviado un telegrama de condolencias al P. Arturo Sosa, actual Prep&oacute;sito General de los jesuitas, con motivo de la muerte del que fuera Superior durante varios a&ntilde;os, el P. Peter-Hans Kolvenbach. &ldquo;Deseo expresarle a Usted y a la familia de los jesuitas mi m&aacute;s sentido p&eacute;same&rdquo;, &hellip; <a href=\"https:\/\/www.biblia.work\/noticias\/pesame-del-papa-por-sacerdote-jesuita-que-lidero-la-orden-24-anos\/\" class=\"more-link\">Continuar leyendo<span class=\"screen-reader-text\"> \u00abP\u00e9same del Papa por sacerdote jesuita que lider\u00f3 la orden 24 a\u00f1os\u00bb<\/span><\/a><\/p>\n","protected":false},"author":1,"featured_media":0,"comment_status":"open","ping_status":"closed","sticky":false,"template":"","format":"standard","meta":{"footnotes":""},"categories":[1],"tags":[],"class_list":["post-9401","post","type-post","status-publish","format-standard","hentry","category-general"],"_links":{"self":[{"href":"https:\/\/www.biblia.work\/noticias\/wp-json\/wp\/v2\/posts\/9401","targetHints":{"allow":["GET"]}}],"collection":[{"href":"https:\/\/www.biblia.work\/noticias\/wp-json\/wp\/v2\/posts"}],"about":[{"href":"https:\/\/www.biblia.work\/noticias\/wp-json\/wp\/v2\/types\/post"}],"author":[{"embeddable":true,"href":"https:\/\/www.biblia.work\/noticias\/wp-json\/wp\/v2\/users\/1"}],"replies":[{"embeddable":true,"href":"https:\/\/www.biblia.work\/noticias\/wp-json\/wp\/v2\/comments?post=9401"}],"version-history":[{"count":0,"href":"https:\/\/www.biblia.work\/noticias\/wp-json\/wp\/v2\/posts\/9401\/revisions"}],"wp:attachment":[{"href":"https:\/\/www.biblia.work\/noticias\/wp-json\/wp\/v2\/media?parent=9401"}],"wp:term":[{"taxonomy":"category","embeddable":true,"href":"https:\/\/www.biblia.work\/noticias\/wp-json\/wp\/v2\/categories?post=9401"},{"taxonomy":"post_tag","embeddable":true,"href":"https:\/\/www.biblia.work\/noticias\/wp-json\/wp\/v2\/tags?post=9401"}],"curies":[{"name":"wp","href":"https:\/\/api.w.org\/{rel}","templated":true}]}}