{"id":9410,"date":"2016-11-28T18:05:02","date_gmt":"2016-11-28T23:05:02","guid":{"rendered":"http:\/\/www.biblia.work\/noticias\/ministerio-de-joyce-meyer-lleva-ayuda-a-costa-rica-tras-paso-de-huracan-otto\/"},"modified":"2016-11-28T18:05:02","modified_gmt":"2016-11-28T23:05:02","slug":"ministerio-de-joyce-meyer-lleva-ayuda-a-costa-rica-tras-paso-de-huracan-otto","status":"publish","type":"post","link":"https:\/\/www.biblia.work\/noticias\/ministerio-de-joyce-meyer-lleva-ayuda-a-costa-rica-tras-paso-de-huracan-otto\/","title":{"rendered":"Ministerio de Joyce Meyer lleva ayuda a Costa Rica tras paso de hurac\u00e1n Otto"},"content":{"rendered":"<p style=\"text-align: justify\">Costa Rica inici\u00f3 este lunes tres d\u00edas de duelo nacional por el efecto del hurac\u00e1n Otto en la zona norte del pa\u00eds. Mientras tanto, la ayuda material y espiritual contin\u00faan llegando. <\/p>\n<p style=\"text-align: justify\"> <strong>\u00bfQu\u00e9 opinas de esta noticia? Ve a <a href=\"http:\/\/www.Facebook.com\/mundocristiano\">www.Facebook.com\/mundocristiano<\/a> y comenta.<\/strong> <\/p>\n<p style=\"text-align: justify\">Seg\u00fan una publicaci\u00f3n en Facebook de la predicadora internacional, Joyce Meyer, un equipo de su ministerio est\u00e1 brindando una mano a los afectados. <\/p>\n<p style=\"text-align: justify\"> \u201cAlgunas im\u00e1genes de las secuelas del hurac\u00e1n Otto en Costa Rica. Por favor contin\u00faen orando por los afectados y por nuestros compa\u00f1eros en el terreno brindando socorro\u201d, escribi\u00f3 la evangelista. <\/p>\n<p style=\"text-align: justify\">Al igual que Meyer, el ministerio CBN se encuentra proveyendo apoyo a los damnificados a trav\u00e9s de la campa\u00f1a \u201c\u00danete X Costa Rica\u201d, respaldada por la Alianza Evang\u00e9lica Costarricense. <\/p>\n<p style=\"text-align: justify\"> \u201cCBN se hace presente en tiempos de fen\u00f3menos naturales que atentan contra la estabilidad de las familias, y este caso no es la excepci\u00f3n. \u2018\u00danete x Costa Rica\u2019 es la oportunidad para canalizar el apoyo del pueblo costarricense e internacional y llevar esperanza a las familias que afectadas por el hurac\u00e1n Otto\u201d, manifest\u00f3 Alejandro Zamora, director de CBN Costa Rica. <\/p>\n<p style=\"text-align: justify\"> \u201cEn este momento es importante canalizar este tipo de ayuda, (agua y comida no perecedera) despu\u00e9s vendr\u00e1 la etapa de recuperaci\u00f3n\u201d, se\u00f1al\u00f3 Iv\u00e1n Brenes El presidente de la Comisi\u00f3n Nacional de Prevenci\u00f3n del Riesgo y Atenci\u00f3n de Emergencias (CNE). <\/p>\n<p style=\"text-align: justify\">El objetivo de la campa\u00f1a es recaudar agua y alimentos de primera necesidad, que ser\u00e1n entregados a los equipos de ayuda y rescate del gobierno costarricense. Adem\u00e1s, se estar\u00e1n distribuyendo con iglesias canalizadas en los sitios afectados. <\/p>\n<p style=\"text-align: justify\"> \u201cEl llamado es para unir esfuerzos e impactar comunidades afectadas. Tenemos la posibilidad de llevar bienestar espiritual y f\u00edsico a nuestros hermanos afectados por el hurac\u00e1n\u201d, manifest\u00f3 Andr\u00e9s Quesada, Coordinador de Ayuda Humanitaria de CBN Costa Rica. <\/p>\n<p style=\"text-align: justify\">Si usted desea colaborar, lo puede hacer aqu\u00ed: Oficinas de CBN Curridabat 2257-2255; Alianza Evang\u00e9lica Costarricense, San Francisco de Dos R\u00edos 2226-6350; Iglesia Oasis Moravia 2507-9801; Radio Unci\u00f3n 2521-7985; Iglesia Ciudad de Fe 2260-2010; Iglesia Oasis Heredia. <\/p>\n<p style=\"text-align: justify\"><em>Fuente: <strong>www.MundoCristiano.tv <\/strong><\/em><\/p>\n","protected":false},"excerpt":{"rendered":"<p>Costa Rica inici\u00f3 este lunes tres d\u00edas de duelo nacional por el efecto del hurac\u00e1n Otto en la zona norte del pa\u00eds. Mientras tanto, la ayuda material y espiritual contin\u00faan llegando. \u00bfQu\u00e9 opinas de esta noticia? Ve a www.Facebook.com\/mundocristiano y comenta. Seg\u00fan una publicaci\u00f3n en Facebook de la predicadora internacional, Joyce Meyer, un equipo de &hellip; <a href=\"https:\/\/www.biblia.work\/noticias\/ministerio-de-joyce-meyer-lleva-ayuda-a-costa-rica-tras-paso-de-huracan-otto\/\" class=\"more-link\">Continuar leyendo<span class=\"screen-reader-text\"> \u00abMinisterio de Joyce Meyer lleva ayuda a Costa Rica tras paso de hurac\u00e1n Otto\u00bb<\/span><\/a><\/p>\n","protected":false},"author":1,"featured_media":0,"comment_status":"open","ping_status":"closed","sticky":false,"template":"","format":"standard","meta":{"footnotes":""},"categories":[1],"tags":[],"class_list":["post-9410","post","type-post","status-publish","format-standard","hentry","category-general"],"_links":{"self":[{"href":"https:\/\/www.biblia.work\/noticias\/wp-json\/wp\/v2\/posts\/9410","targetHints":{"allow":["GET"]}}],"collection":[{"href":"https:\/\/www.biblia.work\/noticias\/wp-json\/wp\/v2\/posts"}],"about":[{"href":"https:\/\/www.biblia.work\/noticias\/wp-json\/wp\/v2\/types\/post"}],"author":[{"embeddable":true,"href":"https:\/\/www.biblia.work\/noticias\/wp-json\/wp\/v2\/users\/1"}],"replies":[{"embeddable":true,"href":"https:\/\/www.biblia.work\/noticias\/wp-json\/wp\/v2\/comments?post=9410"}],"version-history":[{"count":0,"href":"https:\/\/www.biblia.work\/noticias\/wp-json\/wp\/v2\/posts\/9410\/revisions"}],"wp:attachment":[{"href":"https:\/\/www.biblia.work\/noticias\/wp-json\/wp\/v2\/media?parent=9410"}],"wp:term":[{"taxonomy":"category","embeddable":true,"href":"https:\/\/www.biblia.work\/noticias\/wp-json\/wp\/v2\/categories?post=9410"},{"taxonomy":"post_tag","embeddable":true,"href":"https:\/\/www.biblia.work\/noticias\/wp-json\/wp\/v2\/tags?post=9410"}],"curies":[{"name":"wp","href":"https:\/\/api.w.org\/{rel}","templated":true}]}}