{"id":9417,"date":"2016-11-29T02:15:02","date_gmt":"2016-11-29T07:15:02","guid":{"rendered":"http:\/\/www.biblia.work\/noticias\/comentario-a-la-liturgia-dominical-24\/"},"modified":"2016-11-29T02:15:02","modified_gmt":"2016-11-29T07:15:02","slug":"comentario-a-la-liturgia-dominical-24","status":"publish","type":"post","link":"https:\/\/www.biblia.work\/noticias\/comentario-a-la-liturgia-dominical-24\/","title":{"rendered":"Comentario a la liturgia dominical"},"content":{"rendered":"<p style=\"text-align: justify\">&nbsp;<\/p>\n<p style=\"text-align: justify\"><b>Segundo Domingo de Adviento &#8211;\u00a0<\/b><b>Ciclo A &#8211;\u00a0<\/b><b>Textos: Isa\u00edas 11, 1-10; Romanos 15, 4-9; Mateo 3, 1-12<\/b><\/p>\n<p align=\"JUSTIFY\">P. Antonio Rivero, L.C. Doctor en Teolog\u00eda Espiritual, profesor y director espiritual en el centro del noviciado y Humanidades cl\u00e1sicas de la Legi\u00f3n de Cristo en Monterrey (M\u00e9xico).<\/p>\n<p align=\"JUSTIFY\"><b>Idea principal<\/b>: la semana pasada Dios al inicio del Adviento nos invitaba a <i>despertar<\/i> y caminar. Hoy nos invita a <i>convertirnos<\/i>: <i>\u201cConvert\u00edos, porque est\u00e1 cerca el Reino de los cielos\u201d<\/i>. Y lo hace a trav\u00e9s de dos precursores: Isa\u00edas y Juan Bautista.<\/p>\n<p align=\"JUSTIFY\"><b>Aspectos de esta idea<\/b>:<\/p>\n<p align=\"JUSTIFY\"><i><b>En primer lugar<\/b><\/i>, veamos la misi\u00f3n de los precursores: heraldos que preparan los \u00e1nimos, convocan la atenci\u00f3n, a fin de que aquel que viene, sea esperado, deseado, recibido, y su venida no pase desapercibida. Cuando en la antig\u00fcedad un personaje importante iba a venir, hac\u00eda falta un mensajero que lo precediera e invitara a la poblaci\u00f3n a que le saliera al encuentro, a que reparase rutas y puentes a su paso. Hoy, est\u00e1 viniendo Cristo, el Hijo de Dios vivo. \u00bfEstamos preparados?<\/p>\n<p align=\"JUSTIFY\"><i><b>En segundo lugar<\/b><\/i>, Isa\u00edas (primera lectura) y Juan (segunda lectura) son los precursores de Cristo. <i>Isa\u00edas<\/i> anuncia que el Mes\u00edas vendr\u00e1 del tronco viejo, ya casi seco, de Jes\u00e9 \u2013el padre de David, y por tanto, s\u00edmbolo de la dinast\u00eda principal de Israel; ser\u00e1 un renuevo, un v\u00e1stago verde, lleno de los dones del Esp\u00edritu, que ser\u00e1 juez justo y traer\u00e1 la paz. Necesitamos injertarnos a ese v\u00e1stago nuevo para recibir su savia vivificadora y santificadora. <i>Juan Bautista<\/i>, precursor del Nuevo Sol, es aurora que se anticipa al Sol; anuncia la inminente venida de Cristo, predicando la conversi\u00f3n y la penitencia. Esa conversi\u00f3n nos exige echar fuera el pecado y trabajar en la santidad de vida, teniendo en nosotros los mismos sentimientos de Cristo Jes\u00fas (segunda lectura).<\/p>\n<p align=\"JUSTIFY\"><i><b>Finalmente<\/b><\/i>, cada uno de nosotros, como bautizados, una vez convertidos, somos tambi\u00e9n precursores de Jes\u00fas y de su salvaci\u00f3n; somos voz que anuncia esa Palabra. Lo que debemos decir al mundo es esto: el Reino de los Cielos est\u00e1 cerca y urge la conversi\u00f3n de los corazones. Tenemos que apasionarnos de Cristo, como Juan, para presentar a Jes\u00fas, hacerlo desear, provocar la espera y la necesidad de \u00e9l. La voz \u2013Juan y nosotros- calla despu\u00e9s de haber transportado la Palabra; el amigo del esposo se hace a un costado ante la aparici\u00f3n del esposo. San Agust\u00edn dice que la tarea de la voz es de ser medio; sirve para transmitir la palabra y, con la palabra, la idea que se ha formado dentro de nosotros. Cuando esta palabra ha entrado en el coraz\u00f3n del otro, se ha comunicado al otro, la voz calla, cae. As\u00ed, el precursor.<\/p>\n<p align=\"JUSTIFY\"><b>Para reflexionar<\/b>: antes de anunciar esa conversi\u00f3n, los dem\u00e1s tienen que ver que nosotros vivimos esa conversi\u00f3n, como hizo san Juan. \u00c9l antes de gritar la conversi\u00f3n, vivi\u00f3 en silencio en el desierto e hizo penitencia. Por tanto, antes de ponernos en estado de \u201cconfesi\u00f3n\u201d es decir, antes de hablar de Cristo\u201d, debemos ponernos en estado de \u201cconversi\u00f3n\u201d. \u00bfQu\u00e9 tengo que convertir a Dios en este Adviento: mi mente mundana, mi coraz\u00f3n desestabilizado, mi voluntad rebelde? \u00bfA qui\u00e9n tengo que anunciar esa conversi\u00f3n?<\/p>\n<p align=\"JUSTIFY\"><a name=\"_GoBack\"><\/a><b>Para rezar<\/b>: <span style=\"font-family: Times, serif\"><span lang=\"es-ES\"><i>Se\u00f1or Jes\u00fas,<\/i><\/span><\/span><i> <\/i><span style=\"font-family: Times, serif\"><span lang=\"es-ES\"><i>yo me coloco en tu presencia en oraci\u00f3n, y confiado en tu Palabra abro totalmente mi coraz\u00f3n a Ti.<\/i><\/span><\/span><i> <\/i><span style=\"font-family: Times, serif\"><span lang=\"es-ES\"><i>Reconozco mis pecados y te pido perd\u00f3n por cada uno. Yo te presento toda mi vida, desde el momento en que fui concebido hasta ahora. En ella est\u00e1n todos mis errores, fracasos, angustias, sufrimientos y toda mi ignorancia de tu Palabra. <\/i><\/span><\/span><span style=\"font-family: Times, serif\"><span lang=\"es-ES\"><i>\u00a1Se\u00f1or Jes\u00fas, Hijo del Dios vivo, ten compasi\u00f3n de m\u00ed que soy pecador! <\/i><\/span><\/span><span style=\"font-family: Times, serif\"><span lang=\"es-ES\"><i>\u00a1S\u00e1lvame, Jes\u00fas! Perdona mis pecados, conocidos y desconocidos.<br \/>\nLib\u00e9rame, Se\u00f1or, de todo yugo de Satan\u00e1s en mi vida. Lib\u00e9rame, Jes\u00fas, de todo vicio y de todo dominio del mal en mi mente. Yo te pido, Se\u00f1or, que esa vieja naturaleza m\u00eda, vendida al pecado, sea crucificada en tu cruz. \u00a1L\u00e1vame con tu Sangre, purif\u00edcame, lib\u00e9rame, Se\u00f1or!<\/i><\/span><\/span><\/p>\n<p align=\"JUSTIFY\">Cualquier sugerencia o duda pueden comunicarse con el padre Antonio a este email: <a target=\"_blank\" rel=\"nofollow\" href=\"mailto:arivero@legionaries.org\">arivero@legionaries.org<\/a><\/p>\n<p><span class=\"et_bloom_bottom_trigger\"><\/span><\/p>\n<p><a href=\"https:\/\/es.zenit.org\/\" target=\"_blank\" rel=\"nofollow\">Fuente: es.zenit.org<\/a><\/p>\n","protected":false},"excerpt":{"rendered":"<p>&nbsp; Segundo Domingo de Adviento &#8211;\u00a0Ciclo A &#8211;\u00a0Textos: Isa\u00edas 11, 1-10; Romanos 15, 4-9; Mateo 3, 1-12 P. Antonio Rivero, L.C. Doctor en Teolog\u00eda Espiritual, profesor y director espiritual en el centro del noviciado y Humanidades cl\u00e1sicas de la Legi\u00f3n de Cristo en Monterrey (M\u00e9xico). Idea principal: la semana pasada Dios al inicio del Adviento &hellip; <a href=\"https:\/\/www.biblia.work\/noticias\/comentario-a-la-liturgia-dominical-24\/\" class=\"more-link\">Continuar leyendo<span class=\"screen-reader-text\"> \u00abComentario a la liturgia dominical\u00bb<\/span><\/a><\/p>\n","protected":false},"author":1,"featured_media":0,"comment_status":"open","ping_status":"closed","sticky":false,"template":"","format":"standard","meta":{"footnotes":""},"categories":[1],"tags":[],"class_list":["post-9417","post","type-post","status-publish","format-standard","hentry","category-general"],"_links":{"self":[{"href":"https:\/\/www.biblia.work\/noticias\/wp-json\/wp\/v2\/posts\/9417","targetHints":{"allow":["GET"]}}],"collection":[{"href":"https:\/\/www.biblia.work\/noticias\/wp-json\/wp\/v2\/posts"}],"about":[{"href":"https:\/\/www.biblia.work\/noticias\/wp-json\/wp\/v2\/types\/post"}],"author":[{"embeddable":true,"href":"https:\/\/www.biblia.work\/noticias\/wp-json\/wp\/v2\/users\/1"}],"replies":[{"embeddable":true,"href":"https:\/\/www.biblia.work\/noticias\/wp-json\/wp\/v2\/comments?post=9417"}],"version-history":[{"count":0,"href":"https:\/\/www.biblia.work\/noticias\/wp-json\/wp\/v2\/posts\/9417\/revisions"}],"wp:attachment":[{"href":"https:\/\/www.biblia.work\/noticias\/wp-json\/wp\/v2\/media?parent=9417"}],"wp:term":[{"taxonomy":"category","embeddable":true,"href":"https:\/\/www.biblia.work\/noticias\/wp-json\/wp\/v2\/categories?post=9417"},{"taxonomy":"post_tag","embeddable":true,"href":"https:\/\/www.biblia.work\/noticias\/wp-json\/wp\/v2\/tags?post=9417"}],"curies":[{"name":"wp","href":"https:\/\/api.w.org\/{rel}","templated":true}]}}