{"id":9420,"date":"2016-11-29T06:15:02","date_gmt":"2016-11-29T11:15:02","guid":{"rendered":"http:\/\/www.biblia.work\/noticias\/el-papa-en-sta-marta-el-temor-de-dios-no-es-miedo-es-humildad\/"},"modified":"2016-11-29T06:15:02","modified_gmt":"2016-11-29T11:15:02","slug":"el-papa-en-sta-marta-el-temor-de-dios-no-es-miedo-es-humildad","status":"publish","type":"post","link":"https:\/\/www.biblia.work\/noticias\/el-papa-en-sta-marta-el-temor-de-dios-no-es-miedo-es-humildad\/","title":{"rendered":"El Papa en Sta. Marta: El temor de Dios no es miedo, es humildad"},"content":{"rendered":"<p style=\"text-align: justify\"><span style=\"font-weight: 400\">(ZENIT &#8211; Ciudad del Vaticano).- Dios revela el misterio de la salvaci\u00f3n a los peque\u00f1os, no a los sabios y entendidos. As\u00ed lo ha recordado el papa Francisco en la homil\u00eda de la misa en la residencia\u00a0Santa Marta celebrada este martes. Haciendo referencia a las lecturas del d\u00eda, el Santo Padre se ha detenido sobre la virtud de los peque\u00f1os que es el temor de Dios, no miedo, sino humildad. <\/span><\/p>\n<p style=\"text-align: justify\"><span style=\"font-weight: 400\">\u201cLa alabanza de Jes\u00fas al Padre\u201d que narra el Evangelio de Lucas, es porque el \u201cSe\u00f1or revela a los peque\u00f1os los misterios de la Salvaci\u00f3n, el misterio de s\u00ed mismo\u201d. \u00a0<\/span><span style=\"font-weight: 400\">As\u00ed, el Pont\u00edfice ha subrayado la preferencia de Dios por quien sabe entender sus misterios, no los sabios y los entendidos, sino el \u201ccoraz\u00f3n de los peque\u00f1os\u201d. <\/span><\/p>\n<p style=\"text-align: justify\"><span style=\"font-weight: 400\">Adem\u00e1s, ha explicado que tambi\u00e9n la primera lectura que est\u00e1 llena \u201cde peque\u00f1os detalles\u201d , \u201cva en esta l\u00ednea\u201d. El profeta Isa\u00edas habla de un \u201cpeque\u00f1o brote\u201d que \u201cnacer\u00e1 del peque\u00f1o tronco de Jes\u00e9\u201d y no de \u201cun ej\u00e9rcito\u201d que llevar\u00e1 la liberaci\u00f3n.<\/span><\/p>\n<p style=\"text-align: justify\"><span style=\"font-weight: 400\">En esta misma l\u00ednea ha hablado adem\u00e1s de los peque\u00f1os protagonistas de la Navidad. \u201cDespu\u00e9s, en Navidad veremos esta peque\u00f1ez: un ni\u00f1o, un establo, una madre, un padre\u2026 Las cosas peque\u00f1as\u201d, ha observado. <\/span><span style=\"font-weight: 400\">Corazones grandes &#8211;ha se\u00f1alado&#8211; pero actitudes peque\u00f1as. <\/span><\/p>\n<p style=\"text-align: justify\"><span style=\"font-weight: 400\">El Santo Padre ha insistido en que el \u201ctemor del Se\u00f1or no es el miedo\u201d, es, \u201chacer vida el mandamiento que Dios ha dado a nuestro padre Abrah\u00e1n: camina en mi presencia y s\u00e9 irreprensible\u201d. Por eso, el Papa\u00a0ha precisado que esta es la humildad, el temor del Se\u00f1or es la humildad. <\/span><\/p>\n<p style=\"text-align: justify\"><span style=\"font-weight: 400\">Y solo los peque\u00f1os &#8211;ha precisado&#8211; son capaces de entender plenamente el sentido de la humildad, el sentido del temor del Se\u00f1or, porque caminando delante del Se\u00f1or, mirados y cuidados, sienten que el Se\u00f1or les da la fuerza para ir adelante. <\/span><\/p>\n<p style=\"text-align: justify\"><span style=\"font-weight: 400\">Es as\u00ed el Papa explica c\u00f3mo es la verdadera humildad: \u201cVivir la humildad cristiana es tener este temor del Se\u00f1or, que no es miedo\u201d. Al mismo tiempo ha a\u00f1adido que \u201cla humildad es la virtud de los peque\u00f1os, la verdadera humildad, no la humildad un poco teatral\u201d. Por eso ha advertido que decir \u201cyo soy humilde \u00a0estoy orgulloso de serlo\u201d, no es verdadera humildad. La humildad del peque\u00f1o &#8211;ha precisado&#8211; es la que camina en la presencia del Se\u00f1or, no habla mal de los otros, mira solamente el servicio, se siente el m\u00e1s peque\u00f1o. <\/span><\/p>\n<p style=\"text-align: justify\"><span style=\"font-weight: 400\">Por otro lado, el Pont\u00edfice ha aseverado que es \u201cmuy humilde\u201d la joven que Dios \u201cmira\u201d para \u201cenviar a su Hijo\u201d y que enseguida va donde su prima Isabel y no dice nada \u201cde lo que hab\u00eda sucedido\u201d. <\/span><span style=\"font-weight: 400\">La humildad &#8211;ha insistido Francisco&#8211; es as\u00ed, caminar en la presencia del Se\u00f1or, felices, alegres porque somos\u201cmirados por \u00c9l\u201d, \u201cexultantes en la alegr\u00eda por ser humildes\u201d como narra Jes\u00fas en el Evangelio del d\u00eda. <\/span><\/p>\n<p style=\"text-align: justify\"><span style=\"font-weight: 400\">Para concluir la homil\u00eda, el Pont\u00edfice ha indicado que mirando a Jes\u00fas que exulta en la alegr\u00eda, porque Dios revela su misterio a los humildes, podemos pedir \u201cpara todos nosotros la gracia de la humildad, la gracia del temor de Dios, del caminar en su presencia tratando de ser irreprensibles\u201d. <\/span><span style=\"font-weight: 400\">Y as\u00ed, con esta humildad, \u201cpodemos estar vigilantes en la oraci\u00f3n, trabajando en la caridad fraterna y exultantes en la alegr\u00eda en la alabanza\u201d. <\/span><\/p>\n<p><span class=\"et_bloom_bottom_trigger\"><\/span><\/p>\n<p><a href=\"https:\/\/es.zenit.org\/\" target=\"_blank\" rel=\"nofollow\">Fuente: es.zenit.org<\/a><\/p>\n","protected":false},"excerpt":{"rendered":"<p>(ZENIT &#8211; Ciudad del Vaticano).- Dios revela el misterio de la salvaci\u00f3n a los peque\u00f1os, no a los sabios y entendidos. As\u00ed lo ha recordado el papa Francisco en la homil\u00eda de la misa en la residencia\u00a0Santa Marta celebrada este martes. Haciendo referencia a las lecturas del d\u00eda, el Santo Padre se ha detenido sobre &hellip; <a href=\"https:\/\/www.biblia.work\/noticias\/el-papa-en-sta-marta-el-temor-de-dios-no-es-miedo-es-humildad\/\" class=\"more-link\">Continuar leyendo<span class=\"screen-reader-text\"> \u00abEl Papa en Sta. Marta: El temor de Dios no es miedo, es humildad\u00bb<\/span><\/a><\/p>\n","protected":false},"author":1,"featured_media":0,"comment_status":"open","ping_status":"closed","sticky":false,"template":"","format":"standard","meta":{"footnotes":""},"categories":[1],"tags":[],"class_list":["post-9420","post","type-post","status-publish","format-standard","hentry","category-general"],"_links":{"self":[{"href":"https:\/\/www.biblia.work\/noticias\/wp-json\/wp\/v2\/posts\/9420","targetHints":{"allow":["GET"]}}],"collection":[{"href":"https:\/\/www.biblia.work\/noticias\/wp-json\/wp\/v2\/posts"}],"about":[{"href":"https:\/\/www.biblia.work\/noticias\/wp-json\/wp\/v2\/types\/post"}],"author":[{"embeddable":true,"href":"https:\/\/www.biblia.work\/noticias\/wp-json\/wp\/v2\/users\/1"}],"replies":[{"embeddable":true,"href":"https:\/\/www.biblia.work\/noticias\/wp-json\/wp\/v2\/comments?post=9420"}],"version-history":[{"count":0,"href":"https:\/\/www.biblia.work\/noticias\/wp-json\/wp\/v2\/posts\/9420\/revisions"}],"wp:attachment":[{"href":"https:\/\/www.biblia.work\/noticias\/wp-json\/wp\/v2\/media?parent=9420"}],"wp:term":[{"taxonomy":"category","embeddable":true,"href":"https:\/\/www.biblia.work\/noticias\/wp-json\/wp\/v2\/categories?post=9420"},{"taxonomy":"post_tag","embeddable":true,"href":"https:\/\/www.biblia.work\/noticias\/wp-json\/wp\/v2\/tags?post=9420"}],"curies":[{"name":"wp","href":"https:\/\/api.w.org\/{rel}","templated":true}]}}