{"id":9421,"date":"2016-11-29T06:15:02","date_gmt":"2016-11-29T11:15:02","guid":{"rendered":"http:\/\/www.biblia.work\/noticias\/pesame-de-los-obispos-cubanos-por-la-muerte-de-fidel\/"},"modified":"2016-11-29T06:15:02","modified_gmt":"2016-11-29T11:15:02","slug":"pesame-de-los-obispos-cubanos-por-la-muerte-de-fidel","status":"publish","type":"post","link":"https:\/\/www.biblia.work\/noticias\/pesame-de-los-obispos-cubanos-por-la-muerte-de-fidel\/","title":{"rendered":"P\u00e9same de los obispos cubanos por la muerte de Fidel"},"content":{"rendered":"<p style=\"text-align: justify\">(ZENIT &#8211; Roma).-\u00a0Los obispos de Cuba han publicado\u00a0ayer lunes en la <a target=\"_blank\" rel=\"nofollow\" href=\"http:\/\/www.iglesiacubana.net\/cocc2016\/index.php\">web de la Conferencia Episcopal<\/a>\u00a0un <a target=\"_blank\" rel=\"nofollow\" href=\"http:\/\/www.iglesiacubana.net\/cocc2016\/index.php\/noticias\/20-cocc\/1101-comunicado-de-prensa\">mensaje<\/a> a prop\u00f3sito del fallecimiento de Fidel Castro Ruz. de este modo, han querido expresar sus condolencias \u201ca su familia y a las autoridades del pa\u00eds\u201d.<\/p>\n<p style=\"text-align: justify\"><span style=\"font-weight: 400\">Encomiendan as\u00ed al que fue \u201cpresidente del Consejo de Estado y del Gobierno\u201d a Jesucristo, rostro Misericordioso de Dios Padre, el Se\u00f1or de la Vida y de la Historia. La Conferencia Episcopal Cubana tambi\u00e9n pide al Se\u00f1or Jes\u00fas \u201cque nada enturbie la convivencia entre nosotros los cubanos\u201d.<\/span><\/p>\n<p style=\"text-align: justify\"><span style=\"font-weight: 400\">Finalmente, ponemos bajo el amparo de la Virgen de la Caridad del Cobre, Nuestra Madre y Patrona, el futuro de la patria, \u201cpara que Ella nos proteja y anime a trabajar juntos\u201d para lograr el sue\u00f1o por el que Jos\u00e9 Mart\u00ed entreg\u00f3 su vida: \u201cUna Patria con todos y para el bien de todos\u201d.<\/span><\/p>\n<p><span class=\"et_bloom_bottom_trigger\"><\/span><\/p>\n<p><a href=\"https:\/\/es.zenit.org\/\" target=\"_blank\" rel=\"nofollow\">Fuente: es.zenit.org<\/a><\/p>\n","protected":false},"excerpt":{"rendered":"<p>(ZENIT &#8211; Roma).-\u00a0Los obispos de Cuba han publicado\u00a0ayer lunes en la web de la Conferencia Episcopal\u00a0un mensaje a prop\u00f3sito del fallecimiento de Fidel Castro Ruz. de este modo, han querido expresar sus condolencias \u201ca su familia y a las autoridades del pa\u00eds\u201d. Encomiendan as\u00ed al que fue \u201cpresidente del Consejo de Estado y del Gobierno\u201d &hellip; <a href=\"https:\/\/www.biblia.work\/noticias\/pesame-de-los-obispos-cubanos-por-la-muerte-de-fidel\/\" class=\"more-link\">Continuar leyendo<span class=\"screen-reader-text\"> \u00abP\u00e9same de los obispos cubanos por la muerte de Fidel\u00bb<\/span><\/a><\/p>\n","protected":false},"author":1,"featured_media":0,"comment_status":"open","ping_status":"closed","sticky":false,"template":"","format":"standard","meta":{"footnotes":""},"categories":[1],"tags":[],"class_list":["post-9421","post","type-post","status-publish","format-standard","hentry","category-general"],"_links":{"self":[{"href":"https:\/\/www.biblia.work\/noticias\/wp-json\/wp\/v2\/posts\/9421","targetHints":{"allow":["GET"]}}],"collection":[{"href":"https:\/\/www.biblia.work\/noticias\/wp-json\/wp\/v2\/posts"}],"about":[{"href":"https:\/\/www.biblia.work\/noticias\/wp-json\/wp\/v2\/types\/post"}],"author":[{"embeddable":true,"href":"https:\/\/www.biblia.work\/noticias\/wp-json\/wp\/v2\/users\/1"}],"replies":[{"embeddable":true,"href":"https:\/\/www.biblia.work\/noticias\/wp-json\/wp\/v2\/comments?post=9421"}],"version-history":[{"count":0,"href":"https:\/\/www.biblia.work\/noticias\/wp-json\/wp\/v2\/posts\/9421\/revisions"}],"wp:attachment":[{"href":"https:\/\/www.biblia.work\/noticias\/wp-json\/wp\/v2\/media?parent=9421"}],"wp:term":[{"taxonomy":"category","embeddable":true,"href":"https:\/\/www.biblia.work\/noticias\/wp-json\/wp\/v2\/categories?post=9421"},{"taxonomy":"post_tag","embeddable":true,"href":"https:\/\/www.biblia.work\/noticias\/wp-json\/wp\/v2\/tags?post=9421"}],"curies":[{"name":"wp","href":"https:\/\/api.w.org\/{rel}","templated":true}]}}