{"id":9422,"date":"2016-11-29T06:15:03","date_gmt":"2016-11-29T11:15:03","guid":{"rendered":"http:\/\/www.biblia.work\/noticias\/una-delegacion-de-la-santa-sede-viaja-a-estambul-para-la-fiesta-de-san-andres\/"},"modified":"2016-11-29T06:15:03","modified_gmt":"2016-11-29T11:15:03","slug":"una-delegacion-de-la-santa-sede-viaja-a-estambul-para-la-fiesta-de-san-andres","status":"publish","type":"post","link":"https:\/\/www.biblia.work\/noticias\/una-delegacion-de-la-santa-sede-viaja-a-estambul-para-la-fiesta-de-san-andres\/","title":{"rendered":"Una delegaci\u00f3n de la Santa Sede viaja a Estambul para la fiesta de san Andr\u00e9s"},"content":{"rendered":"<p style=\"text-align: justify\">(ZENIT &#8211; Ciudad del Vaticano).- En el marco del tradicional intercambio de delegaciones por las respectivas fiestas de los santos patrones &#8212; el 20 de junio en Roma por santos Pedro y Pablo y el 30 de noviembre en Estambul por san Andr\u00e9s&#8211; el cardenal Kurt Koch gu\u00eda la delegaci\u00f3n de la Santa Sede por la fiesta del patriarcado ecum\u00e9nico.<\/p>\n<p style=\"text-align: justify\">Tal y como indica el <em>Osservatore Romano,<\/em> peri\u00f3dico del Vaticano, el presidente del Pontificio Consejo para la Promoci\u00f3n de la unidad de los cristianos est\u00e1 acompa\u00f1ado del obispo Brian Farrel y por monse\u00f1or Andrea Palmieri, respectivamente secretario y subsecretario del dicasterio. En Estambul se ha unido a la delegaci\u00f3n el nuncio apost\u00f3lico en Turqu\u00eda, el arzobispo Paul F. Russell.<\/p>\n<p style=\"text-align: justify\">La delegaci\u00f3n de la Santa Sede tom\u00f3 parte de la solemne Divina Liturgia presidida por Bartolom\u00e9 en la iglesia patriarcal de san Jorge al Fanar y tuvo un encuentro con el patriarca y con la Comisi\u00f3n sinodal encargada de las relaciones con la Iglesia cat\u00f3lica. El cardenal Koch entreg\u00f3 al patriarca ecum\u00e9nico un mensaje firmado por el papa Francisco, cuyo texto ley\u00f3 al finalizar la Divina Liturgia.<\/p>\n<p><span class=\"et_bloom_bottom_trigger\"><\/span><\/p>\n<p><a href=\"https:\/\/es.zenit.org\/\" target=\"_blank\" rel=\"nofollow\">Fuente: es.zenit.org<\/a><\/p>\n","protected":false},"excerpt":{"rendered":"<p>(ZENIT &#8211; Ciudad del Vaticano).- En el marco del tradicional intercambio de delegaciones por las respectivas fiestas de los santos patrones &#8212; el 20 de junio en Roma por santos Pedro y Pablo y el 30 de noviembre en Estambul por san Andr\u00e9s&#8211; el cardenal Kurt Koch gu\u00eda la delegaci\u00f3n de la Santa Sede por &hellip; <a href=\"https:\/\/www.biblia.work\/noticias\/una-delegacion-de-la-santa-sede-viaja-a-estambul-para-la-fiesta-de-san-andres\/\" class=\"more-link\">Continuar leyendo<span class=\"screen-reader-text\"> \u00abUna delegaci\u00f3n de la Santa Sede viaja a Estambul para la fiesta de san Andr\u00e9s\u00bb<\/span><\/a><\/p>\n","protected":false},"author":1,"featured_media":0,"comment_status":"open","ping_status":"closed","sticky":false,"template":"","format":"standard","meta":{"footnotes":""},"categories":[1],"tags":[],"class_list":["post-9422","post","type-post","status-publish","format-standard","hentry","category-general"],"_links":{"self":[{"href":"https:\/\/www.biblia.work\/noticias\/wp-json\/wp\/v2\/posts\/9422","targetHints":{"allow":["GET"]}}],"collection":[{"href":"https:\/\/www.biblia.work\/noticias\/wp-json\/wp\/v2\/posts"}],"about":[{"href":"https:\/\/www.biblia.work\/noticias\/wp-json\/wp\/v2\/types\/post"}],"author":[{"embeddable":true,"href":"https:\/\/www.biblia.work\/noticias\/wp-json\/wp\/v2\/users\/1"}],"replies":[{"embeddable":true,"href":"https:\/\/www.biblia.work\/noticias\/wp-json\/wp\/v2\/comments?post=9422"}],"version-history":[{"count":0,"href":"https:\/\/www.biblia.work\/noticias\/wp-json\/wp\/v2\/posts\/9422\/revisions"}],"wp:attachment":[{"href":"https:\/\/www.biblia.work\/noticias\/wp-json\/wp\/v2\/media?parent=9422"}],"wp:term":[{"taxonomy":"category","embeddable":true,"href":"https:\/\/www.biblia.work\/noticias\/wp-json\/wp\/v2\/categories?post=9422"},{"taxonomy":"post_tag","embeddable":true,"href":"https:\/\/www.biblia.work\/noticias\/wp-json\/wp\/v2\/tags?post=9422"}],"curies":[{"name":"wp","href":"https:\/\/api.w.org\/{rel}","templated":true}]}}