{"id":9427,"date":"2016-11-29T09:15:02","date_gmt":"2016-11-29T14:15:02","guid":{"rendered":"http:\/\/www.biblia.work\/noticias\/el-cardenal-porras-la-teologia-latinoamericana-es-mas-cultural-que-politica\/"},"modified":"2016-11-29T09:15:02","modified_gmt":"2016-11-29T14:15:02","slug":"el-cardenal-porras-la-teologia-latinoamericana-es-mas-cultural-que-politica","status":"publish","type":"post","link":"https:\/\/www.biblia.work\/noticias\/el-cardenal-porras-la-teologia-latinoamericana-es-mas-cultural-que-politica\/","title":{"rendered":"El cardenal Porras: La \u2018teolog\u00eda latinoamericana\u2019 es m\u00e1s cultural que pol\u00edtica"},"content":{"rendered":"<p style=\"text-align: justify\">(ZENIT \u2013 Roma).- El cardenal venezolano Baltazar Enrique Porras Cardozo, arzobispo de M\u00e9rida, uno de los 17 nuevos purpurados creados por el papa Francisco en el consistorio del pasado 19 de noviembre, particip\u00f3 en Roma en\u00a0un desayuno de trabajo algunos d\u00edas antes.<\/p>\n<p style=\"text-align: justify\">Respondiendo a ZENT indic\u00f3 que la teolog\u00eda de la liberaci\u00f3n &#8211;que al principio tuvo algunos exponentes que hicieron hincapi\u00e9 en el an\u00e1lisis marxista&#8211; produjo una imagen que no corresponde a la realidad, y que adem\u00e1s\u00a0cambi\u00f3 a lo largo del tiempo hacia una teolog\u00eda liberadora, que en Medell\u00edn y Puebla a la luz de Aparecida se vuelve una teolog\u00eda latinoamericana, con diversos acentos pero que est\u00e1 dando un aporte para todo el continente.<\/p>\n<p style=\"text-align: justify\">\u201cHa habido ideas que no corresponden con la realidad\u201d indic\u00f3 el purpurado, si bien reconoci\u00f3 que \u201ces verdad que algunos, no todos los exponentes de la teolog\u00eda de la liberaci\u00f3n, al inicio hicieron mucho hincapi\u00e9 en algunos elementos del an\u00e1lisis marxista\u201d, pero \u201cesto ha cambiado a lo largo del tiempo dejando lo pol\u00edtico y volvi\u00e9ndose m\u00e1s cultural\u201d.<\/p>\n<p style=\"text-align: justify\">O sea que \u201cel acento es mucho mayor en lo que es la cultura y no simplemente pol\u00edtico\u201d, porque \u201cel elemento cultural va m\u00e1s all\u00e1, a lo antropol\u00f3gico y a aquellas necesidades de la gente que a veces se dejan de lado\u201d.<\/p>\n<p style=\"text-align: justify\">El cardenal precis\u00f3 que hoy en Latinoam\u00e9rica\u00a0adem\u00e1s de figuras como Gustavo Guti\u00e9rrez, hay\u00a0exponentes interesantes entre los te\u00f3logos actuales como Juan Carlos Scannone,\u00a0Lucio Vera, Juan Luis Segundo o Carlos Mar\u00eda Galli, \u201cque nos ponen delante de una realidad&#8221; la cual nos permite\u00a0&#8220;ver c\u00f3mo se ha ido creciendo\u201d.<\/p>\n<p style=\"text-align: justify\">\u201cSi nosotros vemos Medell\u00edn y Puebla a la luz de Aparecida &#8211;se\u00f1al\u00f3 el arzobispo de M\u00e9rida&#8211; vemos que hay una serie de acentos interesantes m\u00e1s all\u00e1 de las\u00a0etiquetas de este u otro nombre, porque hay una teolog\u00eda latinoamericana que tampoco es una\u00a0ya que\u00a0contiene\u00a0acentos muy distintos\u201d.\u00a0Uno de sus primeros modelos, indic\u00f3, \u201cfue el cardenal Eduard Pironio que es conocido porque tuvo relaci\u00f3n tambi\u00e9n con Bergoglio\u201d.<\/p>\n<p style=\"text-align: justify\">\u201cCreo que los tres cardenales que hemos sido nombrados de Am\u00e9rica Latina &#8211;concluy\u00f3 el cardenal&#8211; estamos en esta l\u00ednea:\u00a0los tres hemos estado en Aparecida y tomamos parte en sus discusiones y en el desarrollo posterior de esta teolog\u00eda que hoy en d\u00eda se est\u00e1 dando a conocer\u201d.<\/p>\n<p style=\"text-align: justify\">El arzobispo de M\u00e9rida se refiere a S\u00e9rgio da Rocha, arzobispo\u00a0de Brasilia, Brasil, y Carlos Aguiar Retes, arzobispo de\u00a0Tlalnepantla, M\u00e9xico; tambi\u00e9n creados cardenales por el papa Francisco el pasado 19 de noviembre.<\/p>\n<p><span class=\"et_bloom_bottom_trigger\"><\/span><\/p>\n<p><a href=\"https:\/\/es.zenit.org\/\" target=\"_blank\" rel=\"nofollow\">Fuente: es.zenit.org<\/a><\/p>\n","protected":false},"excerpt":{"rendered":"<p>(ZENIT \u2013 Roma).- El cardenal venezolano Baltazar Enrique Porras Cardozo, arzobispo de M\u00e9rida, uno de los 17 nuevos purpurados creados por el papa Francisco en el consistorio del pasado 19 de noviembre, particip\u00f3 en Roma en\u00a0un desayuno de trabajo algunos d\u00edas antes. Respondiendo a ZENT indic\u00f3 que la teolog\u00eda de la liberaci\u00f3n &#8211;que al principio &hellip; <a href=\"https:\/\/www.biblia.work\/noticias\/el-cardenal-porras-la-teologia-latinoamericana-es-mas-cultural-que-politica\/\" class=\"more-link\">Continuar leyendo<span class=\"screen-reader-text\"> \u00abEl cardenal Porras: La \u2018teolog\u00eda latinoamericana\u2019 es m\u00e1s cultural que pol\u00edtica\u00bb<\/span><\/a><\/p>\n","protected":false},"author":1,"featured_media":0,"comment_status":"open","ping_status":"closed","sticky":false,"template":"","format":"standard","meta":{"footnotes":""},"categories":[1],"tags":[],"class_list":["post-9427","post","type-post","status-publish","format-standard","hentry","category-general"],"_links":{"self":[{"href":"https:\/\/www.biblia.work\/noticias\/wp-json\/wp\/v2\/posts\/9427","targetHints":{"allow":["GET"]}}],"collection":[{"href":"https:\/\/www.biblia.work\/noticias\/wp-json\/wp\/v2\/posts"}],"about":[{"href":"https:\/\/www.biblia.work\/noticias\/wp-json\/wp\/v2\/types\/post"}],"author":[{"embeddable":true,"href":"https:\/\/www.biblia.work\/noticias\/wp-json\/wp\/v2\/users\/1"}],"replies":[{"embeddable":true,"href":"https:\/\/www.biblia.work\/noticias\/wp-json\/wp\/v2\/comments?post=9427"}],"version-history":[{"count":0,"href":"https:\/\/www.biblia.work\/noticias\/wp-json\/wp\/v2\/posts\/9427\/revisions"}],"wp:attachment":[{"href":"https:\/\/www.biblia.work\/noticias\/wp-json\/wp\/v2\/media?parent=9427"}],"wp:term":[{"taxonomy":"category","embeddable":true,"href":"https:\/\/www.biblia.work\/noticias\/wp-json\/wp\/v2\/categories?post=9427"},{"taxonomy":"post_tag","embeddable":true,"href":"https:\/\/www.biblia.work\/noticias\/wp-json\/wp\/v2\/tags?post=9427"}],"curies":[{"name":"wp","href":"https:\/\/api.w.org\/{rel}","templated":true}]}}