{"id":9430,"date":"2016-11-29T11:05:02","date_gmt":"2016-11-29T16:05:02","guid":{"rendered":"http:\/\/www.biblia.work\/noticias\/hinchas-del-club-chapecoense-se-unen-para-orar-por-victimas-del-accidente-aereo\/"},"modified":"2016-11-29T11:05:02","modified_gmt":"2016-11-29T16:05:02","slug":"hinchas-del-club-chapecoense-se-unen-para-orar-por-victimas-del-accidente-aereo","status":"publish","type":"post","link":"https:\/\/www.biblia.work\/noticias\/hinchas-del-club-chapecoense-se-unen-para-orar-por-victimas-del-accidente-aereo\/","title":{"rendered":"Hinchas del club Chapecoense se unen para orar por v\u00edctimas del accidente a\u00e9reo"},"content":{"rendered":"<p style=\"text-align: justify\">Consternados, a\u00fan sin entender lo que sucedi\u00f3 en Colombia a menos de 48 horas de disputar la final de la Copa Sudamericana ante Atl\u00e9tico Nacional, los hinchas y seguidores del club Chapecoense se reunieron para orar por las v\u00edctimas del accidente a\u00e9reo. <\/p>\n<p style=\"text-align: justify\"> <strong>\u00bfQu\u00e9 opinas de esta noticia? Ve a <a href=\"http:\/\/www.Facebook.com\/mundocristiano\">www.Facebook.com\/mundocristiano<\/a> y comenta.<\/strong> <\/p>\n<p style=\"text-align: justify\">Tras conocerse la noticia del siniestro, los \u2018torcedores\u2019 del club se agolparon a las afueras del estadio Arena Cond\u00e1 para homenajear a los jugadores, que viajaban a Medell\u00edn para hacer historia, pero que al final, se convirtieron en leyendas. <\/p>\n<p style=\"text-align: justify\">Los cientos de aficionados de Chapecoense formaron una cadena de oraci\u00f3n por los fallecidos y sus allegados. <\/p>\n<blockquote class=\"twitter-video\">\n<p lang=\"es\" dir=\"ltr\">Familias, hinchas, seguidores del Chapecoense, oran fuera de su sede la p\u00e9rdida de sus seres queridos. Ya son campeones \u00a1Fuerza Chapeco! <a href=\"https:\/\/t.co\/FtbnY8AGua\">pic.twitter.com\/FtbnY8AGua<\/a><\/p>\n<p>\u2014 Imperio F\u00daTBOL (@ImperioSoy) <a href=\"https:\/\/twitter.com\/ImperioSoy\/status\/803600265404411904\">29 de noviembre de 2016<\/a><\/p><\/blockquote>\n<p style=\"text-align: justify\"><strong> Detalles del accidente a\u00e9reo <strong><\/strong><\/strong><\/p>\n<p style=\"text-align: justify\">El avi\u00f3n que se estrell\u00f3 en Medell\u00edn este lunes por la noche, llevaba 81 personas a bordo, de estas 5 sobrevivieron y 75 perecieron en este tr\u00e1gico accidente a\u00e9reo que ha conmocionado al deporte mundial. <\/p>\n<p style=\"text-align: justify\">El equipo de f\u00fatbol brasile\u00f1o Chapecoense se dirig\u00eda desde Santa Cruz de la Sierra (Bolivia) a la ciudad colombiana de Medell\u00edn para jugar la final de la Copa Sudamericana contra el Atl\u00e9tico Nacional cuando el avi\u00f3n en el que viajaban se accident\u00f3 en la zona del Cerro Gordo en el departamento colombiano de Antioquia. <\/p>\n<p style=\"text-align: justify\">La aeronave de la empresa Lamia y matr\u00edcula CP2933 RJ 80, en la que se encontraban 72 pasajeros y nueve tripulantes, perdi\u00f3 contacto con la torre de control del aeropuerto internacional Jos\u00e9 Mar\u00eda C\u00f3rdova en Medell\u00edn (Rionegro) cuando sobrevolaba las poblaciones de La Ceja y Abejorral. <\/p>\n<p style=\"text-align: justify\">Las autoridades locales han confirmado la muerte de 75 personas. Entre los seis supervivientes se encuentran: <\/p>\n<p style=\"text-align: justify\">*Alan Ruschel, defensa <\/p>\n<p style=\"text-align: justify\">*Jackson Follmann, portero <\/p>\n<p style=\"text-align: justify\">*Ximena Su\u00e1rez, auxiliar de vuelo<\/p>\n<p style=\"text-align: justify\">*Rafael Henzel, periodista brasile\u00f1o<\/p>\n<p style=\"text-align: justify\">*Erwin Tumiri, t\u00e9cnico de la aeronave<\/p>\n<p style=\"text-align: justify\">*H\u00e9lio Hermito Zampier, conocido como Neto, defensa del equipo. <\/p>\n<p style=\"text-align: justify\">Este video fue tomado por Alan Ruschel, uno de los supervivientes, minutos antes de que ocurriera la tragedia. <\/p>\n","protected":false},"excerpt":{"rendered":"<p>Consternados, a\u00fan sin entender lo que sucedi\u00f3 en Colombia a menos de 48 horas de disputar la final de la Copa Sudamericana ante Atl\u00e9tico Nacional, los hinchas y seguidores del club Chapecoense se reunieron para orar por las v\u00edctimas del accidente a\u00e9reo. \u00bfQu\u00e9 opinas de esta noticia? Ve a www.Facebook.com\/mundocristiano y comenta. Tras conocerse la &hellip; <a href=\"https:\/\/www.biblia.work\/noticias\/hinchas-del-club-chapecoense-se-unen-para-orar-por-victimas-del-accidente-aereo\/\" class=\"more-link\">Continuar leyendo<span class=\"screen-reader-text\"> \u00abHinchas del club Chapecoense se unen para orar por v\u00edctimas del accidente a\u00e9reo\u00bb<\/span><\/a><\/p>\n","protected":false},"author":1,"featured_media":0,"comment_status":"open","ping_status":"closed","sticky":false,"template":"","format":"standard","meta":{"footnotes":""},"categories":[1],"tags":[],"class_list":["post-9430","post","type-post","status-publish","format-standard","hentry","category-general"],"_links":{"self":[{"href":"https:\/\/www.biblia.work\/noticias\/wp-json\/wp\/v2\/posts\/9430","targetHints":{"allow":["GET"]}}],"collection":[{"href":"https:\/\/www.biblia.work\/noticias\/wp-json\/wp\/v2\/posts"}],"about":[{"href":"https:\/\/www.biblia.work\/noticias\/wp-json\/wp\/v2\/types\/post"}],"author":[{"embeddable":true,"href":"https:\/\/www.biblia.work\/noticias\/wp-json\/wp\/v2\/users\/1"}],"replies":[{"embeddable":true,"href":"https:\/\/www.biblia.work\/noticias\/wp-json\/wp\/v2\/comments?post=9430"}],"version-history":[{"count":0,"href":"https:\/\/www.biblia.work\/noticias\/wp-json\/wp\/v2\/posts\/9430\/revisions"}],"wp:attachment":[{"href":"https:\/\/www.biblia.work\/noticias\/wp-json\/wp\/v2\/media?parent=9430"}],"wp:term":[{"taxonomy":"category","embeddable":true,"href":"https:\/\/www.biblia.work\/noticias\/wp-json\/wp\/v2\/categories?post=9430"},{"taxonomy":"post_tag","embeddable":true,"href":"https:\/\/www.biblia.work\/noticias\/wp-json\/wp\/v2\/tags?post=9430"}],"curies":[{"name":"wp","href":"https:\/\/api.w.org\/{rel}","templated":true}]}}