{"id":9437,"date":"2016-11-29T12:40:04","date_gmt":"2016-11-29T17:40:04","guid":{"rendered":"http:\/\/www.biblia.work\/noticias\/abrir-nuestro-horizonte-a-la-dimension-ulterior-mas-grande-es-lo-que-pide-jesus-dijo-el-papa\/"},"modified":"2016-11-29T12:40:04","modified_gmt":"2016-11-29T17:40:04","slug":"abrir-nuestro-horizonte-a-la-dimension-ulterior-mas-grande-es-lo-que-pide-jesus-dijo-el-papa","status":"publish","type":"post","link":"https:\/\/www.biblia.work\/noticias\/abrir-nuestro-horizonte-a-la-dimension-ulterior-mas-grande-es-lo-que-pide-jesus-dijo-el-papa\/","title":{"rendered":"Abrir nuestro horizonte a la dimensi\u00f3n ulterior, m\u00e1s grande, es lo que pide Jes\u00fas, dijo el Papa"},"content":{"rendered":"<p> <img src='http:\/\/media02.radiovaticana.va\/photo\/2016\/11\/28\/AFP6035443_Thumbnail.jpg' alt='' align='left' hspace='5'> <\/p>\n<p>(RV).- El 27 de noviembre comenz&oacute;&nbsp;el <strong>Adviento<\/strong>, primer per&iacute;odo del&nbsp;a&ntilde;o lit&uacute;rgico&nbsp;cristiano: un tiempo de <strong>preparaci&oacute;n espiritual<\/strong> para la celebraci&oacute;n del nacimiento de&nbsp;Cristo. &laquo;En este tiempo de Adviento, estamos llamados a ampliar el horizonte de nuestro coraz&oacute;n, a dejarnos sorprender por la vida que se presenta cada d&iacute;a con sus novedades&raquo;, dijo el <strong>Papa Francisco<\/strong> antes de rezar la oraci&oacute;n mariana del <a target=\"_blank\" rel=\"nofollow\" href=\"http:\/\/es.radiovaticana.va\/news\/2016\/11\/27\/papa_comienza_el_tiempo_de_la_visita_del_se%C3%B1or\/1275178\">&Aacute;ngelus<\/a> frente a una multitud de fieles reunidos para la ocasi&oacute;n, en la Plaza de San Pedro.<\/p>\n<p>&laquo;Para hacer esto es necesario aprender a no depender de nuestras seguridades, de nuestros esquemas afianzados, porque el Se&ntilde;or viene en la hora en que no lo imaginamos. Viene para introducirnos en una dimensi&oacute;n m&aacute;s bella y m&aacute;s grande&raquo;, a&ntilde;adi&oacute; el Pont&iacute;fice haciendo alusi&oacute;n a la lectura del <a target=\"_blank\" rel=\"nofollow\" href=\"http:\/\/es.radiovaticana.va\/news\/2016\/11\/26\/vos_%C2%BFest%C3%A1s_preparado,_o_%C2%BFpens%C3%A1s_que_no_suceder%C3%A1_jam%C3%A1s\/1274932\">Evangelio dominical<\/a>&nbsp;Mt&nbsp;24, 37-44, la cual&nbsp;nos &laquo;introduce en uno de los temas m&aacute;s sugestivos de este <strong>tiempo de espera<\/strong>:&nbsp;la visita del Se&ntilde;or a la humanidad&raquo;.&nbsp;<\/p>\n<p>En Radio Vaticana queremos conocer c&oacute;mo viven nuestros seguidores en las Redes Sociales, este Adviento y c&oacute;mo se preparan para celebrar la &laquo;venida del Redentor&raquo;. Escuchemos sus mensajes de AUDIO enviados por <strong>WhatsApp<\/strong> al (0039) 347 225 0785<\/p>\n<p><span><br \/>\n<audio class=\"video-js vjs-default-skin vjs-big-play-button-centered rv-custom-audio\" controls=\"\" id=\"audioItem_8998719\" preload=\"none\"><\/audio><br \/>\n<span class=\"rv-audio-download\"><a href=\"http:\/\/media02.radiovaticana.va\/audio\/audio2\/mp3\/00559749.mp3\" title=\"Download audio\"><img decoding=\"async\" src=\"http:\/\/es.radiovaticana.va\/Modules\/Presentation\/Styles\/images-common\/icons\/download-audio-mp3_off.png\" style=\"height: 30px\" \/><\/a><\/span> <\/span><\/p>\n<p>A continuaci&oacute;n, compartimos algunos de los testimonios que nuestra audiencia comparte en las <em>Redes Sociales<\/em>, como el de <strong>Cecilia Arce de Ayala<\/strong>, quien nos cuenta desde Asunci&oacute;n, Paraguay: &laquo;Toda mi ciudad se prepara a pleno para la venida del <strong>Ni&ntilde;o Jes&uacute;s<\/strong>. Hemos empezado la novena dedicada a la <a target=\"_blank\" rel=\"nofollow\" href=\"http:\/\/es.radiovaticana.va\/news\/2016\/11\/29\/paraguay_fiesta_de_la_virgen_de_caacup%C3%A9_dedicada_a_los_j%C3%B3ve\/1275572\">Virgen de&nbsp;Caacup&eacute;<\/a>. Tras esta gran festividad para el pueblo paraguayo empezaremos a prepraranos para la Navidad en familia. Visitaremos nueve casas evangelizando y tras el noveno d&iacute;a, culminaremos con la recreaci&oacute;n de un pesebre viviente, haciendo una confraternidad con todas las personas y vecinos con el fin de poder, todos juntos, abrazar a Cristo&raquo;.&nbsp;<\/p>\n<p>Otro ejemplo de <strong>Adviento<\/strong> vivido en familia, nos llega desde Guatemala, donde nuestra seguidora Brenda comparte: &laquo;En mi familia tenemos la costumbre, desde hace ya muchos a&ntilde;os, de realizar cada domingo del Adviento, una reuni&oacute;n para<strong> hablar de Dios<\/strong> y de lo que significa prepararnos para su nacimiento y saber conscientemente qu&eacute; es lo que vamos a celebrar ese d&iacute;a, para que el Se&ntilde;or nazca en nuestros corazones&raquo;.<\/p>\n<p>Tambi&eacute;n en <strong>Facebook<\/strong> encontramos m&aacute;s comentarios de nuestros seguidores en las <strong>Redes<\/strong>, como el de <strong>Hugo Carabello<\/strong> que escribe desde Mendoza, Argentina: &laquo;Este tiempo nos permite entrar en nuestros corazones y &quot;hacer limpieza&quot;. Es la oportunidad de despojarnos de los malos sentimientos y pecados que todos tenemos, y que poco a poco nos van alejando de Dios. La confesi&oacute;n es la clave para vivir bien este mes previo a la Navidad&raquo;.<\/p>\n<p>&laquo;Vivo este Adviento acerc&aacute;ndome m&aacute;s a Dios a trav&eacute;s de la misa diaria, en la que participo antes de ir a mi trabajo. Recibir la eucarist&iacute;a cada d&iacute;a, ha supuesto un b&aacute;lsamo para mi alma, que alivia mis heridas y me reconforta&raquo;, cuenta <strong>Micaela Llanes<\/strong> desde Sinaloa, M&eacute;xico.<\/p>\n<p>Agradecemos todos los mensajes que llegan a la Redacci&oacute;n cont&aacute;ndonos sus experiencias personales a lo largo de este Adviento. Nos despedimos teniendo presentes las palabras finales del Santo Padre en el &Aacute;ngelus dominical: &laquo;Que la Madre, Virgen del Adviento, nos ayude a no considerarnos <strong>propietarios de nuestra vida<\/strong>, a no hacer resistencia cuando el Se&ntilde;or viene para cambiarla, sino a estar preparados para dejarnos visitar por &Eacute;l, hu&eacute;sped esperado y grato incluso si cambia nuestros planes&raquo;. &nbsp;<\/p>\n<p>&iexcl;Gracias a todos por interactuar con la Radio del Papa!<\/p>\n<p><span style=\"line-height: 1.6\">Escucha m&aacute;s programas <\/span><a target=\"_blank\" rel=\"nofollow\" href=\"http:\/\/es.radiovaticana.va\/news\/vox-populi\/tu-comentario-ayuda\" style=\"line-height: 1.6\">TU COMENTARIO AYUDA<\/a><\/p>\n<p>(SL-RV)<\/p>\n<p><a href=\"http:\/\/es.radiovaticana.va\" target=\"_blank\" rel=\"nofollow\">Fuente: es.radiovaticana.va<\/a><\/p>\n","protected":false},"excerpt":{"rendered":"<p>(RV).- El 27 de noviembre comenz&oacute;&nbsp;el Adviento, primer per&iacute;odo del&nbsp;a&ntilde;o lit&uacute;rgico&nbsp;cristiano: un tiempo de preparaci&oacute;n espiritual para la celebraci&oacute;n del nacimiento de&nbsp;Cristo. &laquo;En este tiempo de Adviento, estamos llamados a ampliar el horizonte de nuestro coraz&oacute;n, a dejarnos sorprender por la vida que se presenta cada d&iacute;a con sus novedades&raquo;, dijo el Papa Francisco antes &hellip; <a href=\"https:\/\/www.biblia.work\/noticias\/abrir-nuestro-horizonte-a-la-dimension-ulterior-mas-grande-es-lo-que-pide-jesus-dijo-el-papa\/\" class=\"more-link\">Continuar leyendo<span class=\"screen-reader-text\"> \u00abAbrir nuestro horizonte a la dimensi\u00f3n ulterior, m\u00e1s grande, es lo que pide Jes\u00fas, dijo el Papa\u00bb<\/span><\/a><\/p>\n","protected":false},"author":1,"featured_media":0,"comment_status":"open","ping_status":"closed","sticky":false,"template":"","format":"standard","meta":{"footnotes":""},"categories":[1],"tags":[],"class_list":["post-9437","post","type-post","status-publish","format-standard","hentry","category-general"],"_links":{"self":[{"href":"https:\/\/www.biblia.work\/noticias\/wp-json\/wp\/v2\/posts\/9437","targetHints":{"allow":["GET"]}}],"collection":[{"href":"https:\/\/www.biblia.work\/noticias\/wp-json\/wp\/v2\/posts"}],"about":[{"href":"https:\/\/www.biblia.work\/noticias\/wp-json\/wp\/v2\/types\/post"}],"author":[{"embeddable":true,"href":"https:\/\/www.biblia.work\/noticias\/wp-json\/wp\/v2\/users\/1"}],"replies":[{"embeddable":true,"href":"https:\/\/www.biblia.work\/noticias\/wp-json\/wp\/v2\/comments?post=9437"}],"version-history":[{"count":0,"href":"https:\/\/www.biblia.work\/noticias\/wp-json\/wp\/v2\/posts\/9437\/revisions"}],"wp:attachment":[{"href":"https:\/\/www.biblia.work\/noticias\/wp-json\/wp\/v2\/media?parent=9437"}],"wp:term":[{"taxonomy":"category","embeddable":true,"href":"https:\/\/www.biblia.work\/noticias\/wp-json\/wp\/v2\/categories?post=9437"},{"taxonomy":"post_tag","embeddable":true,"href":"https:\/\/www.biblia.work\/noticias\/wp-json\/wp\/v2\/tags?post=9437"}],"curies":[{"name":"wp","href":"https:\/\/api.w.org\/{rel}","templated":true}]}}