{"id":9440,"date":"2016-11-29T14:05:02","date_gmt":"2016-11-29T19:05:02","guid":{"rendered":"http:\/\/www.biblia.work\/noticias\/embajador-sueco-aboga-por-pastor-encarcelado-en-corea-del-norte\/"},"modified":"2016-11-29T14:05:02","modified_gmt":"2016-11-29T19:05:02","slug":"embajador-sueco-aboga-por-pastor-encarcelado-en-corea-del-norte","status":"publish","type":"post","link":"https:\/\/www.biblia.work\/noticias\/embajador-sueco-aboga-por-pastor-encarcelado-en-corea-del-norte\/","title":{"rendered":"Embajador sueco aboga por pastor encarcelado en Corea del Norte"},"content":{"rendered":"<p style=\"text-align: justify\">Un embajador sueco abog\u00f3 en favor del pastor canadiense Rev. Hyeon Soo Lim, que ha sido condenado a cadena perpetua en un campo de trabajo norcoreano. <\/p>\n<p style=\"text-align: justify\">Un funcionario del Ministerio de Relaciones Exteriores de Corea del Norte se reuni\u00f3 con el embajador sueco para hablar sobre el pastor canadiense de 60 a\u00f1os de edad. \u00c9l naci\u00f3 en Corea del Sur y fue arrestado en diciembre de 2015, seg\u00fan una Agencia de Noticias Central Coreana. <\/p>\n<p style=\"text-align: justify\"> <strong>\u00bfQu\u00e9 opinas de esta noticia? Ve a <a href=\"http:\/\/www.Facebook.com\/mundocristiano\">www.Facebook.com\/mundocristiano<\/a> y comenta.<\/strong> <\/p>\n<p style=\"text-align: justify\">\u00abQuisi\u00e9ramos extender nuestra gratitud particular a los funcionarios suecos por su apoyo y trabajo continuo en ayudar a nuestro gobierno en nombre de nuestra familia\u00bb, dijo la familia de Lim a la prensa canadiense. \u00abEsperamos verlo pronto a casa\u00bb.<\/p>\n<p style=\"text-align: justify\">Lim es el pastor de la Iglesia Presbiteriana Coreana Luz en Mississauga, Ontario. <\/p>\n<p style=\"text-align: justify\">\u00c9l estaba visitando Corea del Norte con un prop\u00f3sito humanitario. Los fiscales estatales lo acusaron de usarlo como una \u00abfalsa pretensi\u00f3n\u00bb para entrar en Corea del Norte y usar la religi\u00f3n como un medio para derrocar al r\u00e9gimen de Kim. En enero, Will Ripley, de CNN, entrevist\u00f3 a Lim en Corea del Norte. <\/p>\n<p style=\"text-align: justify\">Lim ha estado en un campo de trabajo. \u00c9l parece ser el \u00fanico recluso. \u00c9l no ha visto a otros prisioneros. Lim trabaja ocho horas al d\u00eda, seis d\u00edas a la semana, con descansos, cavando agujeros para plantar \u00e1rboles de manzana en el huerto de la prisi\u00f3n\u00bb, inform\u00f3 Ripley. <\/p>\n<p style=\"text-align: justify\">\u00abSiempre hay dos guardias vigil\u00e1ndolo, est\u00e1 cumpliendo una pena de cadena perpetua y no tiene contacto con el mundo exterior\u00bb, dijo Ripley. <\/p>\n<p style=\"text-align: justify\">Despu\u00e9s de la entrevista televisiva, m\u00e1s de 125.000 personas firmaron una petici\u00f3n en l\u00ednea pidiendo la liberaci\u00f3n de Lim. <\/p>\n<p style=\"text-align: justify\">Adem\u00e1s, solicitaron al Secretario General de las Naciones Unidas, Ban Ki-moon, al Primer Ministro de Canad\u00e1, Justin Trudeau, y al Ministro de Relaciones Exteriores de Canad\u00e1, Stephane Dion, que trabajen por la liberaci\u00f3n del Rev. Lim. <\/p>\n<p style=\"text-align: justify\"><em>Fuente: <strong>www.MundoCristiano.tv <\/strong><\/em><\/p>\n","protected":false},"excerpt":{"rendered":"<p>Un embajador sueco abog\u00f3 en favor del pastor canadiense Rev. Hyeon Soo Lim, que ha sido condenado a cadena perpetua en un campo de trabajo norcoreano. Un funcionario del Ministerio de Relaciones Exteriores de Corea del Norte se reuni\u00f3 con el embajador sueco para hablar sobre el pastor canadiense de 60 a\u00f1os de edad. \u00c9l &hellip; <a href=\"https:\/\/www.biblia.work\/noticias\/embajador-sueco-aboga-por-pastor-encarcelado-en-corea-del-norte\/\" class=\"more-link\">Continuar leyendo<span class=\"screen-reader-text\"> \u00abEmbajador sueco aboga por pastor encarcelado en Corea del Norte\u00bb<\/span><\/a><\/p>\n","protected":false},"author":1,"featured_media":0,"comment_status":"open","ping_status":"closed","sticky":false,"template":"","format":"standard","meta":{"footnotes":""},"categories":[1],"tags":[],"class_list":["post-9440","post","type-post","status-publish","format-standard","hentry","category-general"],"_links":{"self":[{"href":"https:\/\/www.biblia.work\/noticias\/wp-json\/wp\/v2\/posts\/9440","targetHints":{"allow":["GET"]}}],"collection":[{"href":"https:\/\/www.biblia.work\/noticias\/wp-json\/wp\/v2\/posts"}],"about":[{"href":"https:\/\/www.biblia.work\/noticias\/wp-json\/wp\/v2\/types\/post"}],"author":[{"embeddable":true,"href":"https:\/\/www.biblia.work\/noticias\/wp-json\/wp\/v2\/users\/1"}],"replies":[{"embeddable":true,"href":"https:\/\/www.biblia.work\/noticias\/wp-json\/wp\/v2\/comments?post=9440"}],"version-history":[{"count":0,"href":"https:\/\/www.biblia.work\/noticias\/wp-json\/wp\/v2\/posts\/9440\/revisions"}],"wp:attachment":[{"href":"https:\/\/www.biblia.work\/noticias\/wp-json\/wp\/v2\/media?parent=9440"}],"wp:term":[{"taxonomy":"category","embeddable":true,"href":"https:\/\/www.biblia.work\/noticias\/wp-json\/wp\/v2\/categories?post=9440"},{"taxonomy":"post_tag","embeddable":true,"href":"https:\/\/www.biblia.work\/noticias\/wp-json\/wp\/v2\/tags?post=9440"}],"curies":[{"name":"wp","href":"https:\/\/api.w.org\/{rel}","templated":true}]}}