{"id":9442,"date":"2016-11-29T14:10:02","date_gmt":"2016-11-29T19:10:02","guid":{"rendered":"http:\/\/www.biblia.work\/noticias\/evangelicos-lamentan-accidente-aereo-de-chapecoense\/"},"modified":"2016-11-29T14:10:02","modified_gmt":"2016-11-29T19:10:02","slug":"evangelicos-lamentan-accidente-aereo-de-chapecoense","status":"publish","type":"post","link":"https:\/\/www.biblia.work\/noticias\/evangelicos-lamentan-accidente-aereo-de-chapecoense\/","title":{"rendered":"Evang\u00e9licos lamentan accidente a\u00e9reo de Chapecoense"},"content":{"rendered":"<p style=\"text-align: justify\">COLOMBIA. &#8211; El accidente a\u00e9reo que mat\u00f3 a los jugadores de f\u00fatbol, \u200b\u200bperiodistas y otros profesionales involucrados en los juegos del equipo Chapecoense esta ma\u00f1ana del martes (29\/11) tuvo un impacto en la prensa nacional e internacional y tambi\u00e9n por las redes sociales entre la poblaci\u00f3n.<\/p>\n<p style=\"text-align: justify\">El avi\u00f3n que transportaba a la delegaci\u00f3n de Chapecoense para Medell\u00edn, Colombia y que saldr\u00eda de Santa Cruz de la Sierra, Bolivia. De los 81 pasajeros que se transportaban, cerca de 75 personas murieron mientras que los sobrevivientes est\u00e1n siendo atendidos por m\u00e9dicos.<\/p>\n<p style=\"text-align: justify\">El cantante y compositor John Alexander lament\u00f3 el incidente, diciendo que es un &#8220;d\u00eda abrumador y muy triste para todos nosotros&#8221;. &#8220;\u00a1Apelo al Esp\u00edritu de Dios, el Consolador, que visita el coraz\u00f3n de todos y alivie el dolor de la p\u00e9rdida sin precedentes de estos seres queridos! \u00c9l tiene misericordia de nosotros y de nuestras familias tambi\u00e9n&#8221;, dijo.<\/p>\n<p style=\"text-align: justify\">El pastor Ariovaldo Carlos Jr. cambi\u00f3 su foto de perfil con el escudo del equipo, que tambi\u00e9n fue publicado por el cantante Pernambuco Leonardo Gon\u00e7alves. Lucinho Barreto tambi\u00e9n se pronunci\u00f3. &#8220;\u00a1Orando mucho por el equipo Chapecoense y familia! \u00a1Creo en el poder de la oraci\u00f3n! Mucha tristeza, pero no podemos dejar de orar&#8221;.<\/p>\n<p style=\"text-align: justify\">Marcos Almeida, ex miembro de Palavrantiga, public\u00f3 un nuevo video de la canci\u00f3n &#8220;Dios, \u00bfd\u00f3nde est\u00e1s?&#8221;, grabado ac\u00fasticamente lo dedic\u00f3 a las familias de las v\u00edctimas. &#8220;En este d\u00eda donde perdimos hermanos en su debido cumplimiento de su misi\u00f3n, dedicamos esta canci\u00f3n a las familias que est\u00e1n de luto y de la memoria de todos los que se atrevieron a so\u00f1ar&#8221;.<\/p>\n<p style=\"text-align: justify\">El pastor Hernandes Dias Lopes tambi\u00e9n habl\u00f3. &#8220;Solidaridad con las familias de las v\u00edctimas. Es tiempo de orar a Dios en nombre de todos los afectados por esta tragedia &#8220;. Daniela Araujo cantante declar\u00f3 su luto en su p\u00e1gina.<\/p>\n<p style=\"text-align: justify\">&#8220;\u00a1Qu\u00e9 tristeza! Que el Se\u00f1or Jes\u00fas consuele los corazones de las familias y amigos de los atletas y de la comisi\u00f3n Chapecoense, periodistas y todos los involucrados en esta tragedia&#8221;, finaliz\u00f3.<\/p>\n<p style=\"text-align: justify\">La entrada <a rel=\"nofollow\" href=\"http:\/\/www.noticiacristiana.com\/sociedad\/2016\/11\/evangelicos-accidente-aereo-chapecoense.html\">Evang\u00e9licos lamentan accidente a\u00e9reo de Chapecoense<\/a> aparece primero en <a rel=\"nofollow\" href=\"http:\/\/www.noticiacristiana.com\">NoticiaCristiana.com<\/a>.<\/p>\n","protected":false},"excerpt":{"rendered":"<p>COLOMBIA. &#8211; El accidente a\u00e9reo que mat\u00f3 a los jugadores de f\u00fatbol, \u200b\u200bperiodistas y otros profesionales involucrados en los juegos del equipo Chapecoense esta ma\u00f1ana del martes (29\/11) tuvo un impacto en la prensa nacional e internacional y tambi\u00e9n por las redes sociales entre la poblaci\u00f3n. El avi\u00f3n que transportaba a la delegaci\u00f3n de Chapecoense &hellip; <a href=\"https:\/\/www.biblia.work\/noticias\/evangelicos-lamentan-accidente-aereo-de-chapecoense\/\" class=\"more-link\">Continuar leyendo<span class=\"screen-reader-text\"> \u00abEvang\u00e9licos lamentan accidente a\u00e9reo de Chapecoense\u00bb<\/span><\/a><\/p>\n","protected":false},"author":1,"featured_media":0,"comment_status":"open","ping_status":"closed","sticky":false,"template":"","format":"standard","meta":{"footnotes":""},"categories":[1],"tags":[],"class_list":["post-9442","post","type-post","status-publish","format-standard","hentry","category-general"],"_links":{"self":[{"href":"https:\/\/www.biblia.work\/noticias\/wp-json\/wp\/v2\/posts\/9442","targetHints":{"allow":["GET"]}}],"collection":[{"href":"https:\/\/www.biblia.work\/noticias\/wp-json\/wp\/v2\/posts"}],"about":[{"href":"https:\/\/www.biblia.work\/noticias\/wp-json\/wp\/v2\/types\/post"}],"author":[{"embeddable":true,"href":"https:\/\/www.biblia.work\/noticias\/wp-json\/wp\/v2\/users\/1"}],"replies":[{"embeddable":true,"href":"https:\/\/www.biblia.work\/noticias\/wp-json\/wp\/v2\/comments?post=9442"}],"version-history":[{"count":0,"href":"https:\/\/www.biblia.work\/noticias\/wp-json\/wp\/v2\/posts\/9442\/revisions"}],"wp:attachment":[{"href":"https:\/\/www.biblia.work\/noticias\/wp-json\/wp\/v2\/media?parent=9442"}],"wp:term":[{"taxonomy":"category","embeddable":true,"href":"https:\/\/www.biblia.work\/noticias\/wp-json\/wp\/v2\/categories?post=9442"},{"taxonomy":"post_tag","embeddable":true,"href":"https:\/\/www.biblia.work\/noticias\/wp-json\/wp\/v2\/tags?post=9442"}],"curies":[{"name":"wp","href":"https:\/\/api.w.org\/{rel}","templated":true}]}}