{"id":9448,"date":"2016-11-29T18:05:02","date_gmt":"2016-11-29T23:05:02","guid":{"rendered":"http:\/\/www.biblia.work\/noticias\/asi-puedes-obtener-indulgencia-plenaria-por-100-anos-de-virgen-de-fatima\/"},"modified":"2016-11-29T18:05:02","modified_gmt":"2016-11-29T23:05:02","slug":"asi-puedes-obtener-indulgencia-plenaria-por-100-anos-de-virgen-de-fatima","status":"publish","type":"post","link":"https:\/\/www.biblia.work\/noticias\/asi-puedes-obtener-indulgencia-plenaria-por-100-anos-de-virgen-de-fatima\/","title":{"rendered":"As\u00ed puedes obtener indulgencia plenaria por 100 a\u00f1os de Virgen de F\u00e1tima"},"content":{"rendered":"<p> F\u00c1TIMA, 29 Nov. 16 (ACI).-<br \/>\n\tPor los 100 a&ntilde;os de las apariciones de la Virgen de F&aacute;tima en Portugal, el Papa Francisco ha decidido conceder la indulgencia plenaria durante todo el A&ntilde;o Jubilar que comenz&oacute; el 27 de noviembre y terminar&aacute; &nbsp;el 26 de noviembre de 2017.<\/p>\n<p style=\"text-align: justify\">\n\tEl Santuario de F&aacute;tima indic&oacute; que para obtener las indulgencias plenarias los fieles deben &nbsp;cumplir primero con condiciones habituales: confesarse, comulgar y rezar por las intenciones del Santo Padre.<\/p>\n<p style=\"text-align: justify\">\n\tEn declaraciones a ACI Prensa, el secretario de la rector&iacute;a del Santuario de F&aacute;tima en Portugal, Andr&eacute; Pereira, explic&oacute; que las indulgencias plenarias podr&aacute;n obtenerse durante todo el A&ntilde;o Jubilar y para ello existen tres maneras, detalladas en un comunicado publicado en el sitio web del santuario.<\/p>\n<p style=\"text-align: justify\">\n\t1.- Peregrinar al Santuario<\/p>\n<p style=\"text-align: justify\">\n\tLa primera forma es que &ldquo;los fieles vengan en peregrinaci&oacute;n al Santuario de F&aacute;tima en Portugal y que all&iacute; participen en una celebraci&oacute;n u oraci&oacute;n dedicada a la Virgen&rdquo;.<\/p>\n<p style=\"text-align: justify\">\n\tAdem&aacute;s de ello los fieles deben rezar el Padrenuestro, recitar el Credo e invocar a la Madre de Dios.<\/p>\n<p style=\"text-align: justify\">\n\t2.- No solo en F&aacute;tima<\/p>\n<p style=\"text-align: justify\">\n\tLa segunda forma se aplica para &ldquo;los fieles piadosos que visitan con devoci&oacute;n una imagen de Nuestra Se&ntilde;ora de F&aacute;tima expuesta solemnemente a la veneraci&oacute;n p&uacute;blica en cualquier templo, oratorio o local adecuado en los d&iacute;as de los aniversarios de las apariciones, el 13 de cada mes desde mayo hasta octubre (de 2017), y participen all&iacute; devotamente en alguna celebraci&oacute;n u oraci&oacute;n en honor de la Virgen Mar&iacute;a&rdquo;.<\/p>\n<p style=\"text-align: justify\">\n\tAl respecto de la segunda forma, el secretario de la rector&iacute;a del Santuario de F&aacute;tima indic&oacute; a ACI Prensa que la visita a la imagen la Virgen &ldquo;no tiene que ser necesariamente solo en F&aacute;tima o exclusivamente en Portugal&rdquo; sino que puede ser en cualquier parte del mundo.<\/p>\n<p style=\"text-align: justify\">\n\tTambi&eacute;n se debe rezar un Padrenuestro, el Credo e invocar a la Virgen de F&aacute;tima.<\/p>\n<p style=\"text-align: justify\">\n\t3.- Ancianos y enfermos<\/p>\n<p style=\"text-align: justify\">\n\tLa tercera forma de obtener una indulgencia se aplica a las personas que por la edad, enfermedad u otra causa grave est&eacute;n impedidos de movilizarse.<\/p>\n<p style=\"text-align: justify\">\n\tPueden rezar ante una imagen de la Virgen de F&aacute;tima y deben unirse espiritualmente en las celebraciones jubilares en los d&iacute;as de las apariciones, los d&iacute;as 13 de cada mes, entre mayo y octubre de 2017.<\/p>\n<p style=\"text-align: justify\">\n\tAdem&aacute;s tienen que &ldquo;ofrecer con confianza a Dios misericordioso, a trav&eacute;s de Mar&iacute;a, sus oraciones y dolores o los sacrificios de su propia vida&rdquo;.<\/p>\n<p style=\"text-align: justify\">\n\tTambi&eacute;n te puede interesar:<\/p>\n<p style=\"text-align: justify\">\n\t\tObispo de F&aacute;tima env&iacute;a mensaje al Papa Francisco: Queremos acogerlo en 2017 https:\/\/t.co\/NvCPZcru1Y<\/p>\n<p>\t&mdash; ACI Prensa (@aciprensa) 14 de octubre de 2016<\/p>\n","protected":false},"excerpt":{"rendered":"<p>F\u00c1TIMA, 29 Nov. 16 (ACI).- Por los 100 a&ntilde;os de las apariciones de la Virgen de F&aacute;tima en Portugal, el Papa Francisco ha decidido conceder la indulgencia plenaria durante todo el A&ntilde;o Jubilar que comenz&oacute; el 27 de noviembre y terminar&aacute; &nbsp;el 26 de noviembre de 2017. El Santuario de F&aacute;tima indic&oacute; que para obtener &hellip; <a href=\"https:\/\/www.biblia.work\/noticias\/asi-puedes-obtener-indulgencia-plenaria-por-100-anos-de-virgen-de-fatima\/\" class=\"more-link\">Continuar leyendo<span class=\"screen-reader-text\"> \u00abAs\u00ed puedes obtener indulgencia plenaria por 100 a\u00f1os de Virgen de F\u00e1tima\u00bb<\/span><\/a><\/p>\n","protected":false},"author":1,"featured_media":0,"comment_status":"open","ping_status":"closed","sticky":false,"template":"","format":"standard","meta":{"footnotes":""},"categories":[1],"tags":[],"class_list":["post-9448","post","type-post","status-publish","format-standard","hentry","category-general"],"_links":{"self":[{"href":"https:\/\/www.biblia.work\/noticias\/wp-json\/wp\/v2\/posts\/9448","targetHints":{"allow":["GET"]}}],"collection":[{"href":"https:\/\/www.biblia.work\/noticias\/wp-json\/wp\/v2\/posts"}],"about":[{"href":"https:\/\/www.biblia.work\/noticias\/wp-json\/wp\/v2\/types\/post"}],"author":[{"embeddable":true,"href":"https:\/\/www.biblia.work\/noticias\/wp-json\/wp\/v2\/users\/1"}],"replies":[{"embeddable":true,"href":"https:\/\/www.biblia.work\/noticias\/wp-json\/wp\/v2\/comments?post=9448"}],"version-history":[{"count":0,"href":"https:\/\/www.biblia.work\/noticias\/wp-json\/wp\/v2\/posts\/9448\/revisions"}],"wp:attachment":[{"href":"https:\/\/www.biblia.work\/noticias\/wp-json\/wp\/v2\/media?parent=9448"}],"wp:term":[{"taxonomy":"category","embeddable":true,"href":"https:\/\/www.biblia.work\/noticias\/wp-json\/wp\/v2\/categories?post=9448"},{"taxonomy":"post_tag","embeddable":true,"href":"https:\/\/www.biblia.work\/noticias\/wp-json\/wp\/v2\/tags?post=9448"}],"curies":[{"name":"wp","href":"https:\/\/api.w.org\/{rel}","templated":true}]}}