{"id":9449,"date":"2016-11-29T19:05:02","date_gmt":"2016-11-30T00:05:02","guid":{"rendered":"http:\/\/www.biblia.work\/noticias\/impactante-publicacion-de-piloto-en-facebook-habria-presagiado-el-accidente\/"},"modified":"2016-11-29T19:05:02","modified_gmt":"2016-11-30T00:05:02","slug":"impactante-publicacion-de-piloto-en-facebook-habria-presagiado-el-accidente","status":"publish","type":"post","link":"https:\/\/www.biblia.work\/noticias\/impactante-publicacion-de-piloto-en-facebook-habria-presagiado-el-accidente\/","title":{"rendered":"Impactante publicaci\u00f3n de piloto en Facebook habr\u00eda presagiado el accidente"},"content":{"rendered":"<p style=\"text-align: justify\">Una de las v\u00edctimas mortales del accidente a\u00e9reo de Medell\u00edn en Colombia poste\u00f3 este lunes en su cuenta de Facebook un mensaje de reflexi\u00f3n, que para algunos parece un presagio de la tragedia que vivir\u00eda horas despu\u00e9s. <\/p>\n<p style=\"text-align: justify\"> <strong>\u00bfQu\u00e9 opinas de esta noticia? Ve a <a href=\"http:\/\/www.Facebook.com\/mundocristiano\">www.Facebook.com\/mundocristiano<\/a> y comenta.<\/strong> <\/p>\n<p style=\"text-align: justify\">Se trata del piloto de origen paraguayo, Gustavo Encima, quien era parte de la tripulaci\u00f3n del avi\u00f3n estrellado la noche del lunes en Antioquia, cuando se dirig\u00eda rumbo a Medell\u00edn. <\/p>\n<p style=\"text-align: justify\">Al revelarse la lista de fallecidos, algunos amigos cercanos compartieron la publicaci\u00f3n, donde incluso el piloto se cuestiona hacia qu\u00e9 lugar hay que mirar en la vida, si hacia tras o adelante. <\/p>\n<p style=\"text-align: justify\">Encima public\u00f3 lo siguiente: \u201c\u00a1Buen d\u00eda! \u00bfHacia d\u00f3nde miras en tu vida? \u00bfAtr\u00e1s a adelante? Que el Se\u00f1or te d\u00e9 la gracia de soltar las cosas, aun aquellas que consideras preciosas en esta vida, y terminar mirar hacia adelante, donde est\u00e1 Cristo esper\u00e1ndote, para un encuentro glorioso que te abrir\u00e1 las puertas de la eternidad\u201d. <\/p>\n<p style=\"text-align: justify\"><strong> Dos de los tres futbolistas supervivientes son evang\u00e9licos<strong><\/strong><\/strong><\/p>\n<p style=\"text-align: justify\">Tres jugadores de f\u00fatbol, una azafata, un t\u00e9cnico de avi\u00f3n y un periodista han sobrevivido al accidente de avi\u00f3n en Colombia, en el que otras 75 personas perdieron la vida. <\/p>\n<p style=\"text-align: justify\">\u00abLa situaci\u00f3n es complicada, dif\u00edcil. S\u00f3lo Dios puede dar fuerzas ahora. Gracias por tu ayuda Se\u00f1or\u00bb, escribi\u00f3 Amanda, la esposa de Alan Ruschel en Instagram poco despu\u00e9s de que se confirmase que el jugador de f\u00fatbol del Chapecoense hab\u00eda sobrevivido y le hab\u00edan llevado a un hospital, donde se manten\u00eda estable. <\/p>\n<p style=\"text-align: justify\">\u00abEstamos orando para todos los que a\u00fan no han sido rescatados, y por fortaleza para toda la familia\u00bb, agreg\u00f3. <\/p>\n<p style=\"text-align: justify\">Pocas horas despu\u00e9s del accidente, se supo que el jugador Helio Hermito Neto hab\u00eda sido encontrado con vida y llevado a un hospital, aunque su estado de salud es delicado. <\/p>\n<p style=\"text-align: justify\">Seg\u00fan JM Noticia, Neto es cristiano evang\u00e9lico. <\/p>\n<p style=\"text-align: justify\">En una entrevista pocas horas antes del accidente de avi\u00f3n, Neto habl\u00f3 sobre el cuidado de Dios en el proceso de recuperaci\u00f3n de una lesi\u00f3n: \u00abTuve una lesi\u00f3n grave; y no esperaba que evolucionase tan bien como ha ido. Fue una situaci\u00f3n que s\u00e9 que Dios puso en mi vida\u00bb.<\/p>\n<p style=\"text-align: justify\">El tercer jugador de f\u00fatbol que sobrevivi\u00f3 es Jackson Follman. <\/p>\n<p style=\"text-align: justify\">Cientos de seguidores del equipo de Brasil se reunieron en su estadio para expresar su apoyo a las familias y los heridos. Ellos formaron una cadena cogidos de la mano y oraron juntos el Padrenuestro. <\/p>\n<blockquote class=\"twitter-video\">\n<p lang=\"es\" dir=\"ltr\">Familias, hinchas, seguidores del Chapecoense, oran fuera de su sede la p\u00e9rdida de sus seres queridos. Ya son campeones \u00a1Fuerza Chapeco! <a href=\"https:\/\/t.co\/FtbnY8AGua\">pic.twitter.com\/FtbnY8AGua<\/a><\/p>\n<p>\u2014 Imperio F\u00daTBOL (@ImperioSoy) <a href=\"https:\/\/twitter.com\/ImperioSoy\/status\/803600265404411904\">29 de noviembre de 2016<\/a><\/p><\/blockquote>\n<p style=\"text-align: justify\">\u00abQue Dios est\u00e9 con nuestros atletas, dirigentes, periodistas y otros hu\u00e9spedes que viajan con nuestra delegaci\u00f3n\u00bb, escribi\u00f3 la Asociaci\u00f3n de F\u00fatbol Chapecoense en sus redes sociales. El equipo fue fundado en 1973 en Chapec\u00f3 (estado de Santa Catarina). <\/p>\n<p style=\"text-align: justify\">Brasil ha declarado tres d\u00edas de luto. <\/p>\n","protected":false},"excerpt":{"rendered":"<p>Una de las v\u00edctimas mortales del accidente a\u00e9reo de Medell\u00edn en Colombia poste\u00f3 este lunes en su cuenta de Facebook un mensaje de reflexi\u00f3n, que para algunos parece un presagio de la tragedia que vivir\u00eda horas despu\u00e9s. \u00bfQu\u00e9 opinas de esta noticia? Ve a www.Facebook.com\/mundocristiano y comenta. Se trata del piloto de origen paraguayo, Gustavo &hellip; <a href=\"https:\/\/www.biblia.work\/noticias\/impactante-publicacion-de-piloto-en-facebook-habria-presagiado-el-accidente\/\" class=\"more-link\">Continuar leyendo<span class=\"screen-reader-text\"> \u00abImpactante publicaci\u00f3n de piloto en Facebook habr\u00eda presagiado el accidente\u00bb<\/span><\/a><\/p>\n","protected":false},"author":1,"featured_media":0,"comment_status":"open","ping_status":"closed","sticky":false,"template":"","format":"standard","meta":{"footnotes":""},"categories":[1],"tags":[],"class_list":["post-9449","post","type-post","status-publish","format-standard","hentry","category-general"],"_links":{"self":[{"href":"https:\/\/www.biblia.work\/noticias\/wp-json\/wp\/v2\/posts\/9449","targetHints":{"allow":["GET"]}}],"collection":[{"href":"https:\/\/www.biblia.work\/noticias\/wp-json\/wp\/v2\/posts"}],"about":[{"href":"https:\/\/www.biblia.work\/noticias\/wp-json\/wp\/v2\/types\/post"}],"author":[{"embeddable":true,"href":"https:\/\/www.biblia.work\/noticias\/wp-json\/wp\/v2\/users\/1"}],"replies":[{"embeddable":true,"href":"https:\/\/www.biblia.work\/noticias\/wp-json\/wp\/v2\/comments?post=9449"}],"version-history":[{"count":0,"href":"https:\/\/www.biblia.work\/noticias\/wp-json\/wp\/v2\/posts\/9449\/revisions"}],"wp:attachment":[{"href":"https:\/\/www.biblia.work\/noticias\/wp-json\/wp\/v2\/media?parent=9449"}],"wp:term":[{"taxonomy":"category","embeddable":true,"href":"https:\/\/www.biblia.work\/noticias\/wp-json\/wp\/v2\/categories?post=9449"},{"taxonomy":"post_tag","embeddable":true,"href":"https:\/\/www.biblia.work\/noticias\/wp-json\/wp\/v2\/tags?post=9449"}],"curies":[{"name":"wp","href":"https:\/\/api.w.org\/{rel}","templated":true}]}}