{"id":9456,"date":"2016-11-30T05:15:03","date_gmt":"2016-11-30T10:15:03","guid":{"rendered":"http:\/\/www.biblia.work\/noticias\/pesame-del-santo-padre-por-el-accidente-aereo-en-colombia\/"},"modified":"2016-11-30T05:15:03","modified_gmt":"2016-11-30T10:15:03","slug":"pesame-del-santo-padre-por-el-accidente-aereo-en-colombia","status":"publish","type":"post","link":"https:\/\/www.biblia.work\/noticias\/pesame-del-santo-padre-por-el-accidente-aereo-en-colombia\/","title":{"rendered":"P\u00e9same del Santo Padre por el accidente a\u00e9reo en Colombia"},"content":{"rendered":"<p style=\"text-align: justify\"><span style=\"font-weight: 400\">(ZENIT &#8211; Ciudad del Vaticano).- El papa Francisco ha querido mostrar su cercan\u00eda a las v\u00edctimas de la tragedia que golpe\u00f3 ayer tanto a Brasil como a Colombia. Un avi\u00f3n, procedente de Brasil y con destino Medell\u00edn, sufri\u00f3 un accidente por razones a\u00fan desconocidas y se cobr\u00f3 la vida de 71 personas. Entre los pasajeros estaba el equipo de f\u00fatbol brasile\u00f1o de Chapecoense. Tan solo han sobrevivido 6 personas. <\/span><\/p>\n<p style=\"text-align: justify\"><span style=\"font-weight: 400\">A trav\u00e9s de un telegrama firmado por el cardenal secretario de Estado, Pietro Parolin, y dirigido al obispo colombiano de Sons\u00f3n-Rionegro, informa que el Santo Padre \u201chondamente apenado al conocer la dolorosa noticia del grave accidente a\u00e9reo\u201d, eleva oraciones \u201cpor el eterno descanso de los fallecidos&#8221;. Asimismo el Papa pide al obispo que \u201ctransmita el sentido p\u00e9same\u201d a los familiares y a quienes\u00a0lloran \u201ctan sensible p\u00e9rdida\u201d, junto con expresiones de \u201cafecto, solidaridad y consuelo a los heridos y afectados por el tr\u00e1gico suceso\u201d. A la vez, \u201cel papa Francisco pide al Se\u00f1or que derrame sobre todos ellos los dones de la serenidad espiritual y de la esperanza cristiana\u201d e imparte de coraz\u00f3n \u201cla bendici\u00f3n apost\u00f3lica\u201d. <\/span><\/p>\n<p style=\"text-align: justify\"><span style=\"font-weight: 400\">Junto a este telegrama, tambi\u00e9n se envi\u00f3 uno al presidente de la Conferencia Episcopal Brasile\u00f1a, el cardenal S\u00e9rgio Da Rocha. Del mismo modo, el cardenal Parolin informa que el Papa, consternado por la tr\u00e1gica noticia, pide transmitir \u201csus condolencia y su cercan\u00eda a todos los que est\u00e1n en luto\u201d. Al mismo tiempo que encomienda a Dios Padre de<\/span> <span style=\"font-weight: 400\">misericordia a los fallecidos, el Santo Padre pide \u201cconsuelo y restablecimiento para los heridos\u201d, \u201cvalent\u00eda y consolaci\u00f3n de la esperanza cristiana para todos los afectados por la tragedia\u201d. <\/span><\/p>\n<p style=\"text-align: justify\">&nbsp;<\/p>\n<p><span class=\"et_bloom_bottom_trigger\"><\/span><\/p>\n<p><a href=\"https:\/\/es.zenit.org\/\" target=\"_blank\" rel=\"nofollow\">Fuente: es.zenit.org<\/a><\/p>\n","protected":false},"excerpt":{"rendered":"<p>(ZENIT &#8211; Ciudad del Vaticano).- El papa Francisco ha querido mostrar su cercan\u00eda a las v\u00edctimas de la tragedia que golpe\u00f3 ayer tanto a Brasil como a Colombia. Un avi\u00f3n, procedente de Brasil y con destino Medell\u00edn, sufri\u00f3 un accidente por razones a\u00fan desconocidas y se cobr\u00f3 la vida de 71 personas. Entre los pasajeros &hellip; <a href=\"https:\/\/www.biblia.work\/noticias\/pesame-del-santo-padre-por-el-accidente-aereo-en-colombia\/\" class=\"more-link\">Continuar leyendo<span class=\"screen-reader-text\"> \u00abP\u00e9same del Santo Padre por el accidente a\u00e9reo en Colombia\u00bb<\/span><\/a><\/p>\n","protected":false},"author":1,"featured_media":0,"comment_status":"open","ping_status":"closed","sticky":false,"template":"","format":"standard","meta":{"footnotes":""},"categories":[1],"tags":[],"class_list":["post-9456","post","type-post","status-publish","format-standard","hentry","category-general"],"_links":{"self":[{"href":"https:\/\/www.biblia.work\/noticias\/wp-json\/wp\/v2\/posts\/9456","targetHints":{"allow":["GET"]}}],"collection":[{"href":"https:\/\/www.biblia.work\/noticias\/wp-json\/wp\/v2\/posts"}],"about":[{"href":"https:\/\/www.biblia.work\/noticias\/wp-json\/wp\/v2\/types\/post"}],"author":[{"embeddable":true,"href":"https:\/\/www.biblia.work\/noticias\/wp-json\/wp\/v2\/users\/1"}],"replies":[{"embeddable":true,"href":"https:\/\/www.biblia.work\/noticias\/wp-json\/wp\/v2\/comments?post=9456"}],"version-history":[{"count":0,"href":"https:\/\/www.biblia.work\/noticias\/wp-json\/wp\/v2\/posts\/9456\/revisions"}],"wp:attachment":[{"href":"https:\/\/www.biblia.work\/noticias\/wp-json\/wp\/v2\/media?parent=9456"}],"wp:term":[{"taxonomy":"category","embeddable":true,"href":"https:\/\/www.biblia.work\/noticias\/wp-json\/wp\/v2\/categories?post=9456"},{"taxonomy":"post_tag","embeddable":true,"href":"https:\/\/www.biblia.work\/noticias\/wp-json\/wp\/v2\/tags?post=9456"}],"curies":[{"name":"wp","href":"https:\/\/api.w.org\/{rel}","templated":true}]}}