{"id":9457,"date":"2016-11-30T05:15:03","date_gmt":"2016-11-30T10:15:03","guid":{"rendered":"http:\/\/www.biblia.work\/noticias\/el-papa-recuerda-que-vivos-y-difuntos-estamos-en-comunion\/"},"modified":"2016-11-30T05:15:03","modified_gmt":"2016-11-30T10:15:03","slug":"el-papa-recuerda-que-vivos-y-difuntos-estamos-en-comunion","status":"publish","type":"post","link":"https:\/\/www.biblia.work\/noticias\/el-papa-recuerda-que-vivos-y-difuntos-estamos-en-comunion\/","title":{"rendered":"El Papa recuerda que vivos y difuntos \u201cestamos en comunio\u0301n\u201d"},"content":{"rendered":"<p style=\"text-align: justify\"><span style=\"font-weight: 400\">(ZENIT &#8211; Ciudad del Vaticano).-El papa Francisco ha concluido esta semana la serie de catequesis sobre la misericordia, iniciada con motivo del A\u00f1o Jubilar. As\u00ed, este mi\u00e9rcoles ha reflexionado sobre \u201crezar a Dios por los vivos y por los muertos\u201d. <\/span><span style=\"font-weight: 400\">Miles de fieles le han recibido con gran entusiasmo, como cada semana, aunque esta vez debido a las bajas temperaturas, reunidos en el Aula Pablo VI en vez de en la plaza de san Pedro. <\/span><\/p>\n<p style=\"text-align: justify\"><span style=\"font-weight: 400\">En el resumen de la catequesis que el Pont\u00edfice hace en espa\u00f1ol, ha explicado que concluimos este ciclo de catequesis reflexionando sobre dos obras de misericordia: una espiritual que pide <\/span><span style=\"font-weight: 400\">rogar a Dios por vivos y difuntos, <\/span><span style=\"font-weight: 400\">y otra corporal que invita a <\/span><span style=\"font-weight: 400\">enterrar a los muertos.<\/span><\/p>\n<p style=\"text-align: justify\"><span style=\"font-weight: 400\">Para los cristianos, ha observado Francisco, la sepultura es un acto de piedad y de fe, pues esperamos en &#8220;la resurreccio\u0301n de la carne&#8221;. De este modo, ha se\u00f1alado que durante la eucaristi\u0301a \u201cconfiamos a los difuntos a la misericordia de Dios con un recuerdo sencillo pero lleno de significado\u201d. Rezamos &#8211;ha asegurado&#8211; para que este\u0301n con \u00c9l en el parai\u0301so y con la esperanza de que un di\u0301a tambie\u0301n nosotros nos encontremos con ellos en ese misterio de amor que, si bien no comprendemos plenamente, sabemos que es verdad porque Jesu\u0301s nos lo ha prometido.<\/span><\/p>\n<p style=\"text-align: justify\"><span style=\"font-weight: 400\">Asimismo, el Santo Padre ha reconocido que este recuerdo de <\/span><span style=\"font-weight: 400\">rogar por los difuntos <\/span><span style=\"font-weight: 400\">esta\u0301 unido tambie\u0301n al de <\/span><span style=\"font-weight: 400\">rogar por los vivos<\/span><span style=\"font-weight: 400\">, \u201cque junto con nosotros cada di\u0301a enfrentan las dificultades de la vida\u201d. El Papa ha subrayado que todos, vivos y difuntos, \u201cestamos en comunio\u0301n\u201d. En esa comunidad \u201cde quienes han recibido el bautismo, se han nutrido del Cuerpo de Cristo y hacen parte de la gran familia de Dios\u201d, ha afirmado. <\/span><\/p>\n<p style=\"text-align: justify\"><span style=\"font-weight: 400\">A continuaci\u00f3n, Francisco ha saludado a los peregrinos de lengua espan\u0303ola, en particular a los venidos de Espan\u0303a y Latinoame\u0301rica. De este modo, les ha invitado a rezar unos por otros \u201cpara que las obras de misericordia corporales y espirituales se conviertan cada vez ma\u0301s en el estilo de nuestra vida\u201d.<\/span><\/p>\n<p style=\"text-align: justify\">Hoy, el Santo Padre ha dirigido dos llamamientos al final de la audiencia. Uno con ocasi\u00f3n de la Jornada Mundial contra el SIDA que se celebra este jueves y otro por la Conferencia internacional sobre la protecci\u00f3n del patrimonio en las zonas en conflicto que se celebra en Abu Dhabi del 2 al 3 de diciembre.<\/p>\n<p style=\"text-align: justify\">Es as\u00ed como Francisco ha recordado que millones de personas conviven que la enfermedad del SIDA y solo la mitad de ellos tienen acceso a las terapias. Por eso ha invitado a rezar por ellos y por sus seres queridos y promover la solidaridad para que tambi\u00e9n \u201clo m\u00e1s pobres\u201d se puedan beneficiar de \u201cdiagn\u00f3sticos y cuidados adecuados\u201d. De aqu\u00ed su llamamiento para que \u201ctodos adopten comportamientos responsables para prevenir una ulterior difusi\u00f3n de esta enfermedad\u201d.<\/p>\n<p style=\"text-align: justify\">Por otro lado, ha explicado que por iniciativa de Francia y de los Emiratos \u00c1rabes Unidos, con colaboraci\u00f3n de la UNESCO, se celebrar\u00e1 en Abu Dhabi, del 2 al 3 de diciembre, una Conferencia internacional sobre protecci\u00f3n del patrimonio en las zonas en conflicto. Un tema que \u201ces actual lamentablemente\u201d, ha observado el Papa. Por ello \u201cen la convicci\u00f3n de que la tutela de las riquezas culturales constituye una dimensi\u00f3n esencial de la defensa del ser humano\u201d, el Santo Padre ha deseado que este evento \u201cmarque una nueva etapa en el proceso de actuaci\u00f3n de los derechos humanos\u201d.<\/p>\n<p style=\"text-align: justify\"><span style=\"font-weight: 400\">Despu\u00e9s de los saludos en las distintas lenguas, el Pont\u00edfice ha dirigido, como es habitual, un saludo a los j\u00f3venes, a los enfermos y a los reci\u00e9n casados. <\/span> <span style=\"font-weight: 400\">As\u00ed, ha recordado que hoy se celebra la fiesta del ap\u00f3stol Andr\u00e9s, hermano de san Pedro. Es por ello que el Papa\u00a0ha pedido a los j\u00f3venes que su carrera hacia el sepulcro del Se\u00f1or, les recuerde \u201cque nuestra vida es una peregrinaci\u00f3n hacia la Casa del Padre\u201d. Por otro lado, a los <\/span> <span style=\"font-weight: 400\">enfermos les ha pedido que \u201csu fuerza en el afrontar en el martirio\u201d les sostenga cuando \u201cel sufrimiento parece insoportable\u201d. Y finalmente ha deseado para los reci\u00e9n casados que \u201csu apasionado seguimiento al Salvador\u201d les lleve a comprender la importancia del amor en su\u00a0nueva familia.<\/span><\/p>\n<p style=\"text-align: justify\">Tambi\u00e9n ha aprovechado la ocasi\u00f3n para dedicar unas palabras y felicitar al patriarca Bartolom\u00e9 y la Iglesia de Constantinopla, que celebra hoy a su patr\u00f3n.<\/p>\n<p style=\"text-align: justify\">&nbsp;<\/p>\n<p><span class=\"et_bloom_bottom_trigger\"><\/span><\/p>\n<p><a href=\"https:\/\/es.zenit.org\/\" target=\"_blank\" rel=\"nofollow\">Fuente: es.zenit.org<\/a><\/p>\n","protected":false},"excerpt":{"rendered":"<p>(ZENIT &#8211; Ciudad del Vaticano).-El papa Francisco ha concluido esta semana la serie de catequesis sobre la misericordia, iniciada con motivo del A\u00f1o Jubilar. As\u00ed, este mi\u00e9rcoles ha reflexionado sobre \u201crezar a Dios por los vivos y por los muertos\u201d. Miles de fieles le han recibido con gran entusiasmo, como cada semana, aunque esta vez &hellip; <a href=\"https:\/\/www.biblia.work\/noticias\/el-papa-recuerda-que-vivos-y-difuntos-estamos-en-comunion\/\" class=\"more-link\">Continuar leyendo<span class=\"screen-reader-text\"> \u00abEl Papa recuerda que vivos y difuntos \u201cestamos en comunio\u0301n\u201d\u00bb<\/span><\/a><\/p>\n","protected":false},"author":1,"featured_media":0,"comment_status":"open","ping_status":"closed","sticky":false,"template":"","format":"standard","meta":{"footnotes":""},"categories":[1],"tags":[],"class_list":["post-9457","post","type-post","status-publish","format-standard","hentry","category-general"],"_links":{"self":[{"href":"https:\/\/www.biblia.work\/noticias\/wp-json\/wp\/v2\/posts\/9457","targetHints":{"allow":["GET"]}}],"collection":[{"href":"https:\/\/www.biblia.work\/noticias\/wp-json\/wp\/v2\/posts"}],"about":[{"href":"https:\/\/www.biblia.work\/noticias\/wp-json\/wp\/v2\/types\/post"}],"author":[{"embeddable":true,"href":"https:\/\/www.biblia.work\/noticias\/wp-json\/wp\/v2\/users\/1"}],"replies":[{"embeddable":true,"href":"https:\/\/www.biblia.work\/noticias\/wp-json\/wp\/v2\/comments?post=9457"}],"version-history":[{"count":0,"href":"https:\/\/www.biblia.work\/noticias\/wp-json\/wp\/v2\/posts\/9457\/revisions"}],"wp:attachment":[{"href":"https:\/\/www.biblia.work\/noticias\/wp-json\/wp\/v2\/media?parent=9457"}],"wp:term":[{"taxonomy":"category","embeddable":true,"href":"https:\/\/www.biblia.work\/noticias\/wp-json\/wp\/v2\/categories?post=9457"},{"taxonomy":"post_tag","embeddable":true,"href":"https:\/\/www.biblia.work\/noticias\/wp-json\/wp\/v2\/tags?post=9457"}],"curies":[{"name":"wp","href":"https:\/\/api.w.org\/{rel}","templated":true}]}}