{"id":9461,"date":"2016-11-30T06:15:01","date_gmt":"2016-11-30T11:15:01","guid":{"rendered":"http:\/\/www.biblia.work\/noticias\/francisco-subraya-la-necesidad-de-encontrar-de-nuevo-el-sentido-de-la-politica\/"},"modified":"2016-11-30T06:15:01","modified_gmt":"2016-11-30T11:15:01","slug":"francisco-subraya-la-necesidad-de-encontrar-de-nuevo-el-sentido-de-la-politica","status":"publish","type":"post","link":"https:\/\/www.biblia.work\/noticias\/francisco-subraya-la-necesidad-de-encontrar-de-nuevo-el-sentido-de-la-politica\/","title":{"rendered":"Francisco subraya la necesidad de encontrar de nuevo el sentido de la pol\u00edtica"},"content":{"rendered":"<p style=\"text-align: justify\"><span style=\"font-weight: 400\">(ZENIT &#8211; Ciudad del Vaticano).- El papa Francisco ha recibido esta ma\u00f1ana, antes de la audiencia general, a los participantes de la peregrinaci\u00f3n de pol\u00edticos franceses elegidos en la regi\u00f3n de <\/span><span style=\"font-weight: 400\">Rho\u0302ne \u2013Alpes, acompa\u00f1ados por el cardenal Philippe Barbarin y los obispos de la provincia de Lyon. <\/span><\/p>\n<p style=\"text-align: justify\"><span style=\"font-weight: 400\">En el discurso que les ha dirigido, el Santo Padre ha observado que en el actual contexto internacional, marcado por frustraciones y miedos, intensificados por los atentados y la ciega violencia que han desgarrado tan profundamente este pa\u00eds, \u201ces muy importante buscar y desarrollar el sentido del bien com\u00fan y del inter\u00e9s general\u201d. De este modo ha subrayado, junto con los obispos de Francia, la necesidad \u201cen un mundo que cambia, encontrar de nuevo el sentido de la pol\u00edtica\u201d. Al respecto, el Pont\u00edfice ha recordado que los prelados han hecho este documento y ha mencionado el de hace 20 a\u00f1os, <\/span><span style=\"font-weight: 400\">\u201c<\/span><i><span style=\"font-weight: 400\">Re\u0301habiliter la politique<\/span><\/i><span style=\"font-weight: 400\">\u201d, que hizo mucho bien. Y ahora este, \u201cque tambi\u00e9n har\u00e1 bien\u201d, ha asegurado. <\/span><\/p>\n<p style=\"text-align: justify\"><span style=\"font-weight: 400\">Por otro lado, el Santo Padre ha reconocido que la sociedad francesa es rica de potencialidades, de diversidades que est\u00e1n llamadas a convertirse en oportunidad, con la\u00a0condici\u00f3n de que los valores republicanos de \u201clibertad, igualdad y fraternidad\u201d no se haga alarde solamente de ellos de forma ilusoria, sino que sean profundizados y comprendidos en relaci\u00f3n con su verdadero fundamento, que es trascendente. <\/span><\/p>\n<p style=\"text-align: justify\"><span style=\"font-weight: 400\">Por otro lado, ha advertido que est\u00e1 plenamente en juego un verdadero debate sobre \u201cvalores y orientaciones reconocidas comunes a todos\u201d. A este debate, los cristianos est\u00e1n llamados a participar con los creyentes de otras religiones y todos los hombres de buena voluntad, tambi\u00e9n no creyentes, \u201cpara promover el crecimiento de un mundo mejor\u201d, ha se\u00f1alado. <\/span><\/p>\n<p style=\"text-align: justify\"><span style=\"font-weight: 400\">En este sentido, el Pont\u00edfice ha aseverado que la b\u00fasqueda del bien com\u00fan que les anima, les conduzca a \u201cescuchar con particular atenci\u00f3n a todas las personas en condiciones de precariedad\u201d sin olvidar a los migrantes que han huido de sus pa\u00edses por culpa de la guerra, la miseria o la violencia. As\u00ed, ha reconocido el Papa a los presentes, en el ejercicio de su responsabilidad, podr\u00e1n \u201ccontribuir a la edificaci\u00f3n de una sociedad m\u00e1s justa y m\u00e1s humana, de una sociedad acogedora y fraterna\u201d. <\/span><\/p>\n<p><span class=\"et_bloom_bottom_trigger\"><\/span><\/p>\n<p><a href=\"https:\/\/es.zenit.org\/\" target=\"_blank\" rel=\"nofollow\">Fuente: es.zenit.org<\/a><\/p>\n","protected":false},"excerpt":{"rendered":"<p>(ZENIT &#8211; Ciudad del Vaticano).- El papa Francisco ha recibido esta ma\u00f1ana, antes de la audiencia general, a los participantes de la peregrinaci\u00f3n de pol\u00edticos franceses elegidos en la regi\u00f3n de Rho\u0302ne \u2013Alpes, acompa\u00f1ados por el cardenal Philippe Barbarin y los obispos de la provincia de Lyon. En el discurso que les ha dirigido, el &hellip; <a href=\"https:\/\/www.biblia.work\/noticias\/francisco-subraya-la-necesidad-de-encontrar-de-nuevo-el-sentido-de-la-politica\/\" class=\"more-link\">Continuar leyendo<span class=\"screen-reader-text\"> \u00abFrancisco subraya la necesidad de encontrar de nuevo el sentido de la pol\u00edtica\u00bb<\/span><\/a><\/p>\n","protected":false},"author":1,"featured_media":0,"comment_status":"open","ping_status":"closed","sticky":false,"template":"","format":"standard","meta":{"footnotes":""},"categories":[1],"tags":[],"class_list":["post-9461","post","type-post","status-publish","format-standard","hentry","category-general"],"_links":{"self":[{"href":"https:\/\/www.biblia.work\/noticias\/wp-json\/wp\/v2\/posts\/9461","targetHints":{"allow":["GET"]}}],"collection":[{"href":"https:\/\/www.biblia.work\/noticias\/wp-json\/wp\/v2\/posts"}],"about":[{"href":"https:\/\/www.biblia.work\/noticias\/wp-json\/wp\/v2\/types\/post"}],"author":[{"embeddable":true,"href":"https:\/\/www.biblia.work\/noticias\/wp-json\/wp\/v2\/users\/1"}],"replies":[{"embeddable":true,"href":"https:\/\/www.biblia.work\/noticias\/wp-json\/wp\/v2\/comments?post=9461"}],"version-history":[{"count":0,"href":"https:\/\/www.biblia.work\/noticias\/wp-json\/wp\/v2\/posts\/9461\/revisions"}],"wp:attachment":[{"href":"https:\/\/www.biblia.work\/noticias\/wp-json\/wp\/v2\/media?parent=9461"}],"wp:term":[{"taxonomy":"category","embeddable":true,"href":"https:\/\/www.biblia.work\/noticias\/wp-json\/wp\/v2\/categories?post=9461"},{"taxonomy":"post_tag","embeddable":true,"href":"https:\/\/www.biblia.work\/noticias\/wp-json\/wp\/v2\/tags?post=9461"}],"curies":[{"name":"wp","href":"https:\/\/api.w.org\/{rel}","templated":true}]}}