{"id":9467,"date":"2016-11-30T08:15:03","date_gmt":"2016-11-30T13:15:03","guid":{"rendered":"http:\/\/www.biblia.work\/noticias\/el-papa-se-reune-con-martin-scorsese\/"},"modified":"2016-11-30T08:15:03","modified_gmt":"2016-11-30T13:15:03","slug":"el-papa-se-reune-con-martin-scorsese","status":"publish","type":"post","link":"https:\/\/www.biblia.work\/noticias\/el-papa-se-reune-con-martin-scorsese\/","title":{"rendered":"El Papa se re\u00fane con Martin Scorsese"},"content":{"rendered":"<p style=\"text-align: justify\"><span style=\"font-weight: 400\">(ZENIT &#8211; Ciudad del Vaticano).- El papa Francisco ha recibido esta ma\u00f1ana al director estadounidense Martin Scorsese, acompa\u00f1ado por su mujer y las dos hijas. Tambi\u00e9n les acompa\u00f1aba el productor de su \u00faltima pel\u00edcula, \u201cSilence\u201d, junto con su mujer. <\/span><\/p>\n<p style=\"text-align: justify\"><span style=\"font-weight: 400\">El encuentro &#8211;ha informado la oficina de prensa de la Santa Sede&#8211; ha sido muy cordial y ha durado unos quince minutos. Adem\u00e1s, el Santo Padre ha contado a los presentes que ha le\u00eddo \u201cSilencio\u201d, el libro que inspir\u00f3 este \u00faltimo trabajo del reconocido director de cine. Asimismo, les ha hablado de la \u201csiembra\u201d de los jesuitas en Jap\u00f3n y del \u201cMuseo de los 26 m\u00e1rtires\u201d. <\/span><\/p>\n<p style=\"text-align: justify\"><span style=\"font-weight: 400\">El director ha regalado al Pont\u00edfice dos cuadros unidos al tema de los \u201ccristianos escondidos\u201d. Uno de ellos representa una imagen muy venerada de la Virgen, obra de un artista japon\u00e9s siglo XVIII. Por su parte, el Papa les ha regalado algunos rosarios. <\/span><\/p>\n<p><span class=\"et_bloom_bottom_trigger\"><\/span><\/p>\n<p><a href=\"https:\/\/es.zenit.org\/\" target=\"_blank\" rel=\"nofollow\">Fuente: es.zenit.org<\/a><\/p>\n","protected":false},"excerpt":{"rendered":"<p>(ZENIT &#8211; Ciudad del Vaticano).- El papa Francisco ha recibido esta ma\u00f1ana al director estadounidense Martin Scorsese, acompa\u00f1ado por su mujer y las dos hijas. Tambi\u00e9n les acompa\u00f1aba el productor de su \u00faltima pel\u00edcula, \u201cSilence\u201d, junto con su mujer. El encuentro &#8211;ha informado la oficina de prensa de la Santa Sede&#8211; ha sido muy cordial &hellip; <a href=\"https:\/\/www.biblia.work\/noticias\/el-papa-se-reune-con-martin-scorsese\/\" class=\"more-link\">Continuar leyendo<span class=\"screen-reader-text\"> \u00abEl Papa se re\u00fane con Martin Scorsese\u00bb<\/span><\/a><\/p>\n","protected":false},"author":1,"featured_media":0,"comment_status":"open","ping_status":"closed","sticky":false,"template":"","format":"standard","meta":{"footnotes":""},"categories":[1],"tags":[],"class_list":["post-9467","post","type-post","status-publish","format-standard","hentry","category-general"],"_links":{"self":[{"href":"https:\/\/www.biblia.work\/noticias\/wp-json\/wp\/v2\/posts\/9467","targetHints":{"allow":["GET"]}}],"collection":[{"href":"https:\/\/www.biblia.work\/noticias\/wp-json\/wp\/v2\/posts"}],"about":[{"href":"https:\/\/www.biblia.work\/noticias\/wp-json\/wp\/v2\/types\/post"}],"author":[{"embeddable":true,"href":"https:\/\/www.biblia.work\/noticias\/wp-json\/wp\/v2\/users\/1"}],"replies":[{"embeddable":true,"href":"https:\/\/www.biblia.work\/noticias\/wp-json\/wp\/v2\/comments?post=9467"}],"version-history":[{"count":0,"href":"https:\/\/www.biblia.work\/noticias\/wp-json\/wp\/v2\/posts\/9467\/revisions"}],"wp:attachment":[{"href":"https:\/\/www.biblia.work\/noticias\/wp-json\/wp\/v2\/media?parent=9467"}],"wp:term":[{"taxonomy":"category","embeddable":true,"href":"https:\/\/www.biblia.work\/noticias\/wp-json\/wp\/v2\/categories?post=9467"},{"taxonomy":"post_tag","embeddable":true,"href":"https:\/\/www.biblia.work\/noticias\/wp-json\/wp\/v2\/tags?post=9467"}],"curies":[{"name":"wp","href":"https:\/\/api.w.org\/{rel}","templated":true}]}}