{"id":9472,"date":"2016-11-30T09:05:02","date_gmt":"2016-11-30T14:05:02","guid":{"rendered":"http:\/\/www.biblia.work\/noticias\/los-politicos-claves-en-la-construccion-de-un-mundo-mas-justo-asegura-el-papa\/"},"modified":"2016-11-30T09:05:02","modified_gmt":"2016-11-30T14:05:02","slug":"los-politicos-claves-en-la-construccion-de-un-mundo-mas-justo-asegura-el-papa","status":"publish","type":"post","link":"https:\/\/www.biblia.work\/noticias\/los-politicos-claves-en-la-construccion-de-un-mundo-mas-justo-asegura-el-papa\/","title":{"rendered":"\u00bfLos pol\u00edticos? Claves en la construcci\u00f3n de un mundo m\u00e1s justo, asegura el Papa"},"content":{"rendered":"<p> VATICANO, 30 Nov. 16 (ACI).-<br \/>\n\tEn una audiencia con pol&iacute;ticos franceses, el Papa Francisco defendi&oacute; su importante en la construcci&oacute;n de una sociedad m&aacute;s justa en la que prime el bien com&uacute;n por encima de otros intereses. &ldquo;En el ejercicio de vuestra responsabilidad, pod&eacute;is contribuir a la edificaci&oacute;n de una sociedad m&aacute;s justa y m&aacute;s humana, de una sociedad m&aacute;s acogedora y fraternal&rdquo;, se&ntilde;al&oacute; el Santo Padre.<\/p>\n<p style=\"text-align: justify\">\n\tLos pol&iacute;ticos franceses, todos ellos cargos electos de la Regi&oacute;n de Rh&ocirc;ne-Alpes, acudieron a la audiencia celebrada en el Palacio Apost&oacute;lico acompa&ntilde;ados por el Cardenal Philippe Barbarin, Arzobispo de Lion, y por Obispos de la Provincia de Lion.<\/p>\n<p style=\"text-align: justify\">\n\tEl motivo de su presencia en Roma era realizar una peregrinaci&oacute;n en el contexto del A&ntilde;o de la Misericordia, reci&eacute;n concluido. &ldquo;Hab&eacute;is realizado un camino que prolonga el Jubileo de la Misericordia&rdquo;, destac&oacute; Francisco.<\/p>\n<p style=\"text-align: justify\">\n\t&ldquo;En el actual contexto internacional, marcado por las frustraciones y temores intensificados por los atentados y la violencia ciega que han desgarrado profundamente su pa&iacute;s, es todav&iacute;a m&aacute;s importante tratar de buscar y desarrollar la conciencia del bien com&uacute;n y del inter&eacute;s general. Por eso querr&iacute;a, junto a los Obispos de Francia, subrayar la necesidad de, &lsquo;en un mundo que cambia, redescubrir el sentido de la pol&iacute;tica&rsquo;&rdquo;, se&ntilde;al&oacute; en referencia al documento publicado recientemente por la Conferencia de Obispos de Francia y de los diversos ataques terroristas en meses pasados.<\/p>\n<p style=\"text-align: justify\">\n\tEl Obispo de Roma subray&oacute; las virtudes y valores de la sociedad francesa: &ldquo;Innegablemente, la sociedad francesa es rica en potencialidad, en diversidad&hellip;, valores que est&aacute;n llamados a convertirse en oportunidades, siempre que los valores republicanos de libertad, igualdad y fraternidad no sean esgrimidos s&oacute;lo de forma ilusoria, si no se profundice en ellos y que se pongan en relaci&oacute;n con su verdadero fundamento, que es trascendente&rdquo;.<\/p>\n<p style=\"text-align: justify\">\n\t&ldquo;Estamos plenamente inmersos en un debate real sobre los valores y orientaciones comunes reconocidos por todos. En este debate, los cristianos est&aacute;n llamados a participar con los creyentes de todas las religiones y con todos los hombres de buena voluntad, incluso los no creyentes, con el fin de promover el crecimiento de un mundo mejor&rdquo;.<\/p>\n<p style=\"text-align: justify\">\n\t&ldquo;En este sentido, la b&uacute;squeda del bien com&uacute;n nos anima, nos lleva a escuchar con particular atenci&oacute;n a todas las personas en situaci&oacute;n de precariedad, son olvidar a los migrantes que han huido de sus pa&iacute;ses debido a la guerra, la miseria y la violencia&rdquo;, a&ntilde;adi&oacute;.<\/p>\n<p style=\"text-align: justify\">\n\tTambi&eacute;n te puede interesar:&nbsp;<\/p>\n<p style=\"text-align: justify\">\n\t\tEl Papa pide orar por enfermos de Sida y promover la solidaridad https:\/\/t.co\/jeNGHf27es<\/p>\n<p>\t&mdash; ACI Prensa (@aciprensa) 30 de noviembre de 2016<\/p>\n<p style=\"text-align: justify\">\n\t&nbsp;<\/p>\n","protected":false},"excerpt":{"rendered":"<p>VATICANO, 30 Nov. 16 (ACI).- En una audiencia con pol&iacute;ticos franceses, el Papa Francisco defendi&oacute; su importante en la construcci&oacute;n de una sociedad m&aacute;s justa en la que prime el bien com&uacute;n por encima de otros intereses. &ldquo;En el ejercicio de vuestra responsabilidad, pod&eacute;is contribuir a la edificaci&oacute;n de una sociedad m&aacute;s justa y m&aacute;s &hellip; <a href=\"https:\/\/www.biblia.work\/noticias\/los-politicos-claves-en-la-construccion-de-un-mundo-mas-justo-asegura-el-papa\/\" class=\"more-link\">Continuar leyendo<span class=\"screen-reader-text\"> \u00ab\u00bfLos pol\u00edticos? Claves en la construcci\u00f3n de un mundo m\u00e1s justo, asegura el Papa\u00bb<\/span><\/a><\/p>\n","protected":false},"author":1,"featured_media":0,"comment_status":"open","ping_status":"closed","sticky":false,"template":"","format":"standard","meta":{"footnotes":""},"categories":[1],"tags":[],"class_list":["post-9472","post","type-post","status-publish","format-standard","hentry","category-general"],"_links":{"self":[{"href":"https:\/\/www.biblia.work\/noticias\/wp-json\/wp\/v2\/posts\/9472","targetHints":{"allow":["GET"]}}],"collection":[{"href":"https:\/\/www.biblia.work\/noticias\/wp-json\/wp\/v2\/posts"}],"about":[{"href":"https:\/\/www.biblia.work\/noticias\/wp-json\/wp\/v2\/types\/post"}],"author":[{"embeddable":true,"href":"https:\/\/www.biblia.work\/noticias\/wp-json\/wp\/v2\/users\/1"}],"replies":[{"embeddable":true,"href":"https:\/\/www.biblia.work\/noticias\/wp-json\/wp\/v2\/comments?post=9472"}],"version-history":[{"count":0,"href":"https:\/\/www.biblia.work\/noticias\/wp-json\/wp\/v2\/posts\/9472\/revisions"}],"wp:attachment":[{"href":"https:\/\/www.biblia.work\/noticias\/wp-json\/wp\/v2\/media?parent=9472"}],"wp:term":[{"taxonomy":"category","embeddable":true,"href":"https:\/\/www.biblia.work\/noticias\/wp-json\/wp\/v2\/categories?post=9472"},{"taxonomy":"post_tag","embeddable":true,"href":"https:\/\/www.biblia.work\/noticias\/wp-json\/wp\/v2\/tags?post=9472"}],"curies":[{"name":"wp","href":"https:\/\/api.w.org\/{rel}","templated":true}]}}