{"id":9478,"date":"2016-11-30T11:15:03","date_gmt":"2016-11-30T16:15:03","guid":{"rendered":"http:\/\/www.biblia.work\/noticias\/el-papa-explica-que-el-compromiso-misionero-no-puede-ser-solo-un-adorno\/"},"modified":"2016-11-30T11:15:03","modified_gmt":"2016-11-30T16:15:03","slug":"el-papa-explica-que-el-compromiso-misionero-no-puede-ser-solo-un-adorno","status":"publish","type":"post","link":"https:\/\/www.biblia.work\/noticias\/el-papa-explica-que-el-compromiso-misionero-no-puede-ser-solo-un-adorno\/","title":{"rendered":"El Papa explica que el compromiso misionero no puede ser solo un adorno"},"content":{"rendered":"<p style=\"text-align: justify\"><span style=\"font-weight: 400\">(ZENIT &#8211; Ciudad del Vaticano).- El papa Francisco asegura que aunque experimentemos muchas fragilidades y tal vez podamos sentirnos desanimados, debemos alzar la cabeza a Dios, sin dejarnos aplastar por la sensaci\u00f3n de incapacidad o ceder al pesimismo, que nos convierte en espectadores pasivos de una vida cansada y rutinaria. No hay lugar para el temor: Dios mismo \u201cviene a purificar nuestros labios impuros, haci\u00e9ndonos id\u00f3neos para la misi\u00f3n\u201d de la evangelizaci\u00f3n. <\/span><\/p>\n<p style=\"text-align: justify\"><span style=\"font-weight: 400\">As\u00ed lo explica\u00a0en el mensaje para la 54\u00ba Jornada Mundial de Oraci\u00f3n por las Vocaciones, que se celebrar\u00e1 el 7 de mayo de 2017 y lleva por tema: &#8220;Empujados por el Esp\u00edritu para la misi\u00f3n&#8221;. En preparaci\u00f3n para dicha jornada, ha sido publicado hoy el mensaje del Santo Padre dirigido a obispos, sacerdotes, consagrados y fieles de todo el mundo. <\/span><\/p>\n<p style=\"text-align: justify\"><span style=\"font-weight: 400\">De este modo, este a\u00f1o el Papa ha querido centrarse en la \u201cdimensi\u00f3n misionera de la llamada cristiana\u201d. Todos los cristianos &#8211;asegura&#8211; han sido constituidos misioneros del Evangelio. Es m\u00e1s, el compromiso misionero no es algo que se a\u00f1ade a la vida cristiana, como si fuese un adorno, sino que \u201cest\u00e1 en el coraz\u00f3n mismo de la fe\u201d. La relaci\u00f3n con el Se\u00f1or, asegura Francisco, implica ser enviado al mundo como profeta de su palabra y testigo de su amor. Todo <\/span><span style=\"font-weight: 400\">cristiano, en virtud de su Bautismo, es un \u201ccrist\u00f3foro\u201d, es decir, \u201cportador de Cristo\u201d para los hermanos. Al respecto ha asegurado que esto vale \u201cpara los que han sido llamados a una vida de especial consagraci\u00f3n y tambi\u00e9n para los sacerdotes\u201d. <\/span><\/p>\n<p style=\"text-align: justify\"><span style=\"font-weight: 400\">Ciertamente, se\u00f1ala el Papa en su mensaje, son muchas las preguntas que se plantean cuando hablamos de la misi\u00f3n cristiana: \u00bfQu\u00e9 significa ser misionero del Evangelio? \u00bfQui\u00e9n nos da la fuerza y el valor para anunciar? \u00bfCu\u00e1l es la l\u00f3gica evang\u00e9lica que inspira la misi\u00f3n? De este modo, Francisco explica que a estos interrogantes podemos responder contemplando tres escenas evang\u00e9licas: el comienzo de la misi\u00f3n de Jes\u00fas en la sinagoga de Nazaret, el camino junto a los disc\u00edpulos de Ema\u00fas y la par\u00e1bola de la semilla.<\/span><\/p>\n<p style=\"text-align: justify\"><span style=\"font-weight: 400\">El Pont\u00edfice precisa que ser disc\u00edpulo misionero significa participar activamente en la misi\u00f3n de Cristo: \u201cser ungidos por el Esp\u00edritu e ir hacia los hermanos para anunciar la Palabra, siendo para ellos un instrumento de salvaci\u00f3n\u201d.<\/span><\/p>\n<p style=\"text-align: justify\"><span style=\"font-weight: 400\">Existe el peligro &#8211;advierte&#8211; de que veamos la misi\u00f3n cristiana como una mera utop\u00eda irrealizable o, en cualquier caso, como una realidad que supera nuestras fuerzas. Pero si contemplamos a Jes\u00fas Resucitado, \u201cnuestra confianza puede reavivarse\u201d. <\/span><\/p>\n<p style=\"text-align: justify\"><span style=\"font-weight: 400\">Jes\u00fas no juzga a los disc\u00edpulos de Ema\u00fas, \u201clentamente comienza a trasformar su des\u00e1nimo, hace que arda su coraz\u00f3n y les abre sus ojos, anunci\u00e1ndoles la Palabra y partiendo el Pan\u201d, explica el Santo Padre. \u00a0Del mismo modo, \u201cel cristiano no lleva adelante \u00e9l solo la tarea de la misi\u00f3n\u201d, sino que experimenta, tambi\u00e9n en las fatigas y en las incomprensiones, \u201cque Jes\u00fas camina con \u00e9l\u201d. <\/span><\/p>\n<p style=\"text-align: justify\"><span style=\"font-weight: 400\">Por otro lado, insiste en que es importante aprender del Evangelio el estilo del anuncio. Muchas veces sucede que, tambi\u00e9n con la mejor intenci\u00f3n, \u201cse acabe cediendo a un cierto af\u00e1n de poder, al proselitismo o al fanatismo intolerante\u201d, reconoce el Papa. Sin embargo, recuerda, \u201cel Evangelio nos invita a rechazar la idolatr\u00eda del \u00e9xito y del poder\u201d, \u201cla preocupaci\u00f3n excesiva por las estructuras\u201d, y \u201cuna cierta ansia que responde m\u00e1s a un esp\u00edritu de conquista que de servicio\u201d. <\/span><\/p>\n<p style=\"text-align: justify\"><span style=\"font-weight: 400\">Nuestra principal confianza &#8211;recuerda el Pont\u00edfice&#8211; es saber que Dios supera nuestras expectativas y nos sorprende con su generosidad, haciendo germinar los frutos de nuestro trabajo m\u00e1s all\u00e1 de lo que se puede esperar de la eficiencia humana.<\/span><\/p>\n<p style=\"text-align: justify\"><span style=\"font-weight: 400\">Adem\u00e1s, asegura que nunca podr\u00e1 haber pastoral vocacional, ni misi\u00f3n cristiana, \u201csin la oraci\u00f3n asidua y contemplativa\u201d. En este sentido, \u201ces necesario alimentar la vida cristiana con la escucha de la Palabra de Dios\u201d y, sobre todo, \u201ccuidar la relaci\u00f3n personal con el Se\u00f1or en la adoraci\u00f3n eucar\u00edstica\u201d, lugar privilegiado del encuentro con Dios.<\/span><\/p>\n<p style=\"text-align: justify\"><span style=\"font-weight: 400\">Por esta raz\u00f3n, el Santo Padre anima con fuerza a vivir \u201cesta profunda amistad con el Se\u00f1or\u201d, sobre todo \u201cpara implorar de Dios nuevas vocaciones al sacerdocio y a la vida consagrada\u201d. <\/span><span style=\"font-weight: 400\">El Pueblo de Dios &#8211;afirma Francisco&#8211; necesita ser guiado por pastores que gasten su vida al servicio del Evangelio. <\/span><\/p>\n<p style=\"text-align: justify\"><span style=\"font-weight: 400\">Finalmente, el Papa pide a las comunidades parroquiales, a las asociaciones y a los numerosos grupos de oraci\u00f3n presentes en la Iglesia que, frente a la tentaci\u00f3n del des\u00e1nimo, \u201csigan pidiendo al Se\u00f1or que mande obreros a su mies\u201d y \u201cnos d\u00e9 sacerdotes enamorados del Evangelio, que sepan hacerse pr\u00f3jimos de los hermanos y ser, as\u00ed, signo vivo del amor misericordioso de Dios\u201d.<\/span><\/p>\n<p><span class=\"et_bloom_bottom_trigger\"><\/span><\/p>\n<p><a href=\"https:\/\/es.zenit.org\/\" target=\"_blank\" rel=\"nofollow\">Fuente: es.zenit.org<\/a><\/p>\n","protected":false},"excerpt":{"rendered":"<p>(ZENIT &#8211; Ciudad del Vaticano).- El papa Francisco asegura que aunque experimentemos muchas fragilidades y tal vez podamos sentirnos desanimados, debemos alzar la cabeza a Dios, sin dejarnos aplastar por la sensaci\u00f3n de incapacidad o ceder al pesimismo, que nos convierte en espectadores pasivos de una vida cansada y rutinaria. No hay lugar para el &hellip; <a href=\"https:\/\/www.biblia.work\/noticias\/el-papa-explica-que-el-compromiso-misionero-no-puede-ser-solo-un-adorno\/\" class=\"more-link\">Continuar leyendo<span class=\"screen-reader-text\"> \u00abEl Papa explica que el compromiso misionero no puede ser solo un adorno\u00bb<\/span><\/a><\/p>\n","protected":false},"author":1,"featured_media":0,"comment_status":"open","ping_status":"closed","sticky":false,"template":"","format":"standard","meta":{"footnotes":""},"categories":[1],"tags":[],"class_list":["post-9478","post","type-post","status-publish","format-standard","hentry","category-general"],"_links":{"self":[{"href":"https:\/\/www.biblia.work\/noticias\/wp-json\/wp\/v2\/posts\/9478","targetHints":{"allow":["GET"]}}],"collection":[{"href":"https:\/\/www.biblia.work\/noticias\/wp-json\/wp\/v2\/posts"}],"about":[{"href":"https:\/\/www.biblia.work\/noticias\/wp-json\/wp\/v2\/types\/post"}],"author":[{"embeddable":true,"href":"https:\/\/www.biblia.work\/noticias\/wp-json\/wp\/v2\/users\/1"}],"replies":[{"embeddable":true,"href":"https:\/\/www.biblia.work\/noticias\/wp-json\/wp\/v2\/comments?post=9478"}],"version-history":[{"count":0,"href":"https:\/\/www.biblia.work\/noticias\/wp-json\/wp\/v2\/posts\/9478\/revisions"}],"wp:attachment":[{"href":"https:\/\/www.biblia.work\/noticias\/wp-json\/wp\/v2\/media?parent=9478"}],"wp:term":[{"taxonomy":"category","embeddable":true,"href":"https:\/\/www.biblia.work\/noticias\/wp-json\/wp\/v2\/categories?post=9478"},{"taxonomy":"post_tag","embeddable":true,"href":"https:\/\/www.biblia.work\/noticias\/wp-json\/wp\/v2\/tags?post=9478"}],"curies":[{"name":"wp","href":"https:\/\/api.w.org\/{rel}","templated":true}]}}