{"id":9483,"date":"2016-11-30T12:15:02","date_gmt":"2016-11-30T17:15:02","guid":{"rendered":"http:\/\/www.biblia.work\/noticias\/las-intenciones-de-oracion-del-papa-para-el-mes-de-diciembre\/"},"modified":"2016-11-30T12:15:02","modified_gmt":"2016-11-30T17:15:02","slug":"las-intenciones-de-oracion-del-papa-para-el-mes-de-diciembre","status":"publish","type":"post","link":"https:\/\/www.biblia.work\/noticias\/las-intenciones-de-oracion-del-papa-para-el-mes-de-diciembre\/","title":{"rendered":"Las intenciones de oraci\u00f3n del Papa para el mes de diciembre"},"content":{"rendered":"<p style=\"text-align: justify\">(ZENIT &#8211; Ciudad del Vaticano).- La Santa Sede ha dado a conocer hoy las intenciones de oraci\u00f3n del papa Francisco para este pr\u00f3ximo mes de diciembre.<\/p>\n<p style=\"text-align: justify\">La intenci\u00f3n universal del apostolado de la oraci\u00f3n es: \u201cPara que en ninguna parte del mundo existan ni\u00f1os soldados.\u201d<\/p>\n<p style=\"text-align: justify\">Su intenci\u00f3n evangelizadora es: \u201cPara que los pueblos de Europa redescubran la belleza, la bondad y la verdad del Evangelio que dan alegr\u00eda y esperanza a la vida\u201d.<\/p>\n<p style=\"text-align: justify\">&nbsp;<\/p>\n<p><span class=\"et_bloom_bottom_trigger\"><\/span><\/p>\n<p><a href=\"https:\/\/es.zenit.org\/\" target=\"_blank\" rel=\"nofollow\">Fuente: es.zenit.org<\/a><\/p>\n","protected":false},"excerpt":{"rendered":"<p>(ZENIT &#8211; Ciudad del Vaticano).- La Santa Sede ha dado a conocer hoy las intenciones de oraci\u00f3n del papa Francisco para este pr\u00f3ximo mes de diciembre. La intenci\u00f3n universal del apostolado de la oraci\u00f3n es: \u201cPara que en ninguna parte del mundo existan ni\u00f1os soldados.\u201d Su intenci\u00f3n evangelizadora es: \u201cPara que los pueblos de Europa &hellip; <a href=\"https:\/\/www.biblia.work\/noticias\/las-intenciones-de-oracion-del-papa-para-el-mes-de-diciembre\/\" class=\"more-link\">Continuar leyendo<span class=\"screen-reader-text\"> \u00abLas intenciones de oraci\u00f3n del Papa para el mes de diciembre\u00bb<\/span><\/a><\/p>\n","protected":false},"author":1,"featured_media":0,"comment_status":"open","ping_status":"closed","sticky":false,"template":"","format":"standard","meta":{"footnotes":""},"categories":[1],"tags":[],"class_list":["post-9483","post","type-post","status-publish","format-standard","hentry","category-general"],"_links":{"self":[{"href":"https:\/\/www.biblia.work\/noticias\/wp-json\/wp\/v2\/posts\/9483","targetHints":{"allow":["GET"]}}],"collection":[{"href":"https:\/\/www.biblia.work\/noticias\/wp-json\/wp\/v2\/posts"}],"about":[{"href":"https:\/\/www.biblia.work\/noticias\/wp-json\/wp\/v2\/types\/post"}],"author":[{"embeddable":true,"href":"https:\/\/www.biblia.work\/noticias\/wp-json\/wp\/v2\/users\/1"}],"replies":[{"embeddable":true,"href":"https:\/\/www.biblia.work\/noticias\/wp-json\/wp\/v2\/comments?post=9483"}],"version-history":[{"count":0,"href":"https:\/\/www.biblia.work\/noticias\/wp-json\/wp\/v2\/posts\/9483\/revisions"}],"wp:attachment":[{"href":"https:\/\/www.biblia.work\/noticias\/wp-json\/wp\/v2\/media?parent=9483"}],"wp:term":[{"taxonomy":"category","embeddable":true,"href":"https:\/\/www.biblia.work\/noticias\/wp-json\/wp\/v2\/categories?post=9483"},{"taxonomy":"post_tag","embeddable":true,"href":"https:\/\/www.biblia.work\/noticias\/wp-json\/wp\/v2\/tags?post=9483"}],"curies":[{"name":"wp","href":"https:\/\/api.w.org\/{rel}","templated":true}]}}