{"id":9484,"date":"2016-11-30T12:15:02","date_gmt":"2016-11-30T17:15:02","guid":{"rendered":"http:\/\/www.biblia.work\/noticias\/el-santo-padre-envia-un-mensaje-al-patriarca-bartolome-en-la-fiesta-de-san-andres\/"},"modified":"2016-11-30T12:15:02","modified_gmt":"2016-11-30T17:15:02","slug":"el-santo-padre-envia-un-mensaje-al-patriarca-bartolome-en-la-fiesta-de-san-andres","status":"publish","type":"post","link":"https:\/\/www.biblia.work\/noticias\/el-santo-padre-envia-un-mensaje-al-patriarca-bartolome-en-la-fiesta-de-san-andres\/","title":{"rendered":"El Santo Padre env\u00eda un mensaje al Patriarca Bartolom\u00e9 en la fiesta de san Andr\u00e9s"},"content":{"rendered":"<p style=\"text-align: justify\">(ZENIT \u2013 Ciudad del Vaticano)\u00a0Una\u00a0delegaci\u00f3n de la Santa Sede encabezada por el cardenal Kurt Koch ha tomado parte en la solemne Liturgia Divina, presidida este 30 de noviembre en Estambul\u00a0por Su Santidad Bartolom\u00e9 en la iglesia patriarcal de San Jorge en el Fanar, com motivo de la conmemoraci\u00f3n de san Andr\u00e9s.<\/p>\n<p style=\"text-align: justify\">El\u00a0presidente del Consejo Pontificio para la Promoci\u00f3n de la Unidad de los Cristianos\u00a0ha entregado al patriarca Bartolom\u00e9 un mensaje de pu\u00f1o y letra del Santo Padre, le\u00eddo al final de la Liturgia Divina y un regalo.<\/p>\n<p style=\"text-align: justify\">En el mensaje el Papa manifiesta su alegr\u00eda por renovar el tradicional intercambio de delegaciones entre Roma y\u00a0 Constantinopla que constituye \u201cun signo visible de los lazos profundos que ya nos unen y es tambi\u00e9n una expresi\u00f3n de nuestro anhelo de una comuni\u00f3n cada vez m\u00e1s profunda, hasta el d\u00eda en que, si Dios quiere, podamos testimoniar nuestro amor el uno por el otro compartiendo la misma mesa eucar\u00edstica. En este camino hacia la restauraci\u00f3n de la comuni\u00f3n eucar\u00edstica entre nosotros, estamos sostenidos no solo \u00a0por la intercesi\u00f3n no s\u00f3lo de nuestros santos patrones, sino por la serie de m\u00e1rtires de todas las edades que &#8220;a pesar del drama de la divisi\u00f3n\u2026 han mantenido una adhesi\u00f3n a Cristo y a su Padre tan radical y absoluta que les ha permitido llegar hasta el derramamiento de su sangre.&#8221;(San Juan Pablo II, Ut unum sint, 83).<\/p>\n<p style=\"text-align: justify\">El Papa reconoci\u00f3 que &#8220;la historia de las relaciones entre los cristianos ha sido tristemente marcada por conflictos que han dejado una profunda impresi\u00f3n en la memoria de los fieles. Por esta raz\u00f3n, algunos se aferran a las actitudes del pasado. Sabemos que s\u00f3lo la oraci\u00f3n, las buenas obras comunes y el di\u00e1logo pueden permitirnos superar la divisi\u00f3n y acercarnos unos a otros\u201d.<\/p>\n<p style=\"text-align: justify\">\u201cGracias al proceso de di\u00e1logo &#8211;asegur\u00f3 Francisco&#8211; en las \u00faltimas d\u00e9cadas los cat\u00f3licos y los ortodoxos han empezado a reconocerse como hermanos y hermanas, a valorar mutuamente los dones y juntos han proclamado el Evangelio, han servido a la humanidad y la causa de la paz, han promovido la dignidad del ser humano y el valor inestimable de la familia, han cuidado de los m\u00e1s necesitados, as\u00ed como de la creaci\u00f3n, nuestro hogar com\u00fan&#8221;.<\/p>\n<p style=\"text-align: justify\">El Pont\u00edfice en la misiva recuerda \u201ccon gran cari\u00f1o\u201d el \u00a0reciente encuentro con el Patriarca en As\u00eds, as\u00ed como con otros cristianos y representantes de tradiciones religiosas \u201creunidos para lanzar un llamamiento unitario por \u00a0la paz en todo el mundo. Nuestra reuni\u00f3n fue una feliz oportunidad para profundizar nuestra amistad, que se expresa en una visi\u00f3n compartida de las grandes cuestiones que afectan la vida de la Iglesia y de toda la sociedad\u201d.<\/p>\n<p style=\"text-align: justify\">\u201cSu Santidad, \u00a0&#8211;finaliza el Papa&#8211; estas son algunas de mis m\u00e1s profundas esperanzas que he querido expresar en un esp\u00edritu de genuina fraternidad. Al asegurarle mi recuerdo cotidiano en la oraci\u00f3n, renuevo mis mejores deseos de paz, salud y abundantes bendiciones para usted y para todos aquellos que est\u00e1n confiados a su cuidado. Con sentimientos de afecto fraterno y de cercan\u00eda espiritual, intercambio con Vuestra Santidad un abrazo de paz en el Se\u00f1or\u201d.<\/p>\n<p style=\"text-align: justify\">Todos los a\u00f1os se realiza un intercambio de\u00a0delegaciones para las respectivas fiestas de los santos patronos: el 29 de junio en Roma por la celebraci\u00f3n de los santos Pedro y Pablo y el 30 de noviembre en Estambul por la celebraci\u00f3n de san Andr\u00e9s.<\/p>\n<p><span class=\"et_bloom_bottom_trigger\"><\/span><\/p>\n<p><a href=\"https:\/\/es.zenit.org\/\" target=\"_blank\" rel=\"nofollow\">Fuente: es.zenit.org<\/a><\/p>\n","protected":false},"excerpt":{"rendered":"<p>(ZENIT \u2013 Ciudad del Vaticano)\u00a0Una\u00a0delegaci\u00f3n de la Santa Sede encabezada por el cardenal Kurt Koch ha tomado parte en la solemne Liturgia Divina, presidida este 30 de noviembre en Estambul\u00a0por Su Santidad Bartolom\u00e9 en la iglesia patriarcal de San Jorge en el Fanar, com motivo de la conmemoraci\u00f3n de san Andr\u00e9s. El\u00a0presidente del Consejo Pontificio &hellip; <a href=\"https:\/\/www.biblia.work\/noticias\/el-santo-padre-envia-un-mensaje-al-patriarca-bartolome-en-la-fiesta-de-san-andres\/\" class=\"more-link\">Continuar leyendo<span class=\"screen-reader-text\"> \u00abEl Santo Padre env\u00eda un mensaje al Patriarca Bartolom\u00e9 en la fiesta de san Andr\u00e9s\u00bb<\/span><\/a><\/p>\n","protected":false},"author":1,"featured_media":0,"comment_status":"open","ping_status":"closed","sticky":false,"template":"","format":"standard","meta":{"footnotes":""},"categories":[1],"tags":[],"class_list":["post-9484","post","type-post","status-publish","format-standard","hentry","category-general"],"_links":{"self":[{"href":"https:\/\/www.biblia.work\/noticias\/wp-json\/wp\/v2\/posts\/9484","targetHints":{"allow":["GET"]}}],"collection":[{"href":"https:\/\/www.biblia.work\/noticias\/wp-json\/wp\/v2\/posts"}],"about":[{"href":"https:\/\/www.biblia.work\/noticias\/wp-json\/wp\/v2\/types\/post"}],"author":[{"embeddable":true,"href":"https:\/\/www.biblia.work\/noticias\/wp-json\/wp\/v2\/users\/1"}],"replies":[{"embeddable":true,"href":"https:\/\/www.biblia.work\/noticias\/wp-json\/wp\/v2\/comments?post=9484"}],"version-history":[{"count":0,"href":"https:\/\/www.biblia.work\/noticias\/wp-json\/wp\/v2\/posts\/9484\/revisions"}],"wp:attachment":[{"href":"https:\/\/www.biblia.work\/noticias\/wp-json\/wp\/v2\/media?parent=9484"}],"wp:term":[{"taxonomy":"category","embeddable":true,"href":"https:\/\/www.biblia.work\/noticias\/wp-json\/wp\/v2\/categories?post=9484"},{"taxonomy":"post_tag","embeddable":true,"href":"https:\/\/www.biblia.work\/noticias\/wp-json\/wp\/v2\/tags?post=9484"}],"curies":[{"name":"wp","href":"https:\/\/api.w.org\/{rel}","templated":true}]}}