{"id":9485,"date":"2016-11-30T12:15:03","date_gmt":"2016-11-30T17:15:03","guid":{"rendered":"http:\/\/www.biblia.work\/noticias\/beato-charles-de-foucauld-1-de-diciembre\/"},"modified":"2016-11-30T12:15:03","modified_gmt":"2016-11-30T17:15:03","slug":"beato-charles-de-foucauld-1-de-diciembre","status":"publish","type":"post","link":"https:\/\/www.biblia.work\/noticias\/beato-charles-de-foucauld-1-de-diciembre\/","title":{"rendered":"Beato Charles de Foucauld \u2013 1 de diciembre"},"content":{"rendered":"<p style=\"text-align: justify\">(ZENIT &#8211; Madrid).- Este \u00abmisionero del Sahara\u00bb, ap\u00f3stol de los tuaregs, naci\u00f3 en Strassbourg, Francia, el 15 de septiembre de 1858. Su origen aristocr\u00e1tico \u2013fue vizconde de Foucauld\u2013 inicialmente no le otorg\u00f3 a su car\u00e1cter la distinci\u00f3n que cabr\u00eda esperar en alguien de su alcurnia. \u00c9l y su hermana Mar\u00eda perdieron a sus padres. Charles ten\u00eda 6 a\u00f1os. Creci\u00f3 junto a ella bajo la tutela de su abuelo, encamin\u00e1ndose a la vida militar. Antes hab\u00eda estudiado con los jesuitas, pero en los tres a\u00f1os que estuvo con ellos no parece que sus ense\u00f1anzas hicieran mella en su esp\u00edritu. Desde sus 16 a\u00f1os viv\u00eda alejado de la fe. Como el hijo pr\u00f3digo, dilapid\u00f3 la copiosa herencia que le legaron ti\u00f1endo su existencia con las sombras de ese ambiente licencioso al que se asom\u00f3.<\/p>\n<p style=\"text-align: justify\">Fue en 1878 cuando se integr\u00f3 en el ej\u00e9rcito y dos a\u00f1os m\u00e1s tarde convertido en oficial prest\u00f3 sus primeros servicios en S\u00e9tif, Argelia. Dios no exist\u00eda entonces para \u00e9l. Otros intereses mundanos llamaban su atenci\u00f3n y al a\u00f1o siguiente su mala conducta supuso su expulsi\u00f3n. A partir de ese momento tuvo una vida ajetreada. Se convirti\u00f3 en explorador, aunque a la par sondeaba, inquir\u00eda \u00edntimamente una respuesta espiritual que, todav\u00eda difusa, le inquietaba.<\/p>\n<p style=\"text-align: justify\"><span lang=\"\">Particip\u00f3 en la revuelta de Bon Mama en Or\u00e1n del Sur, estudio \u00e1rabe y hebreo, y en 1883 inici\u00f3 una expedici\u00f3n a Marruecos por la que fue condecorado con la medalla de oro de la Sociedad Geogr\u00e1fica; recorri\u00f3 Argelia y T\u00fanez. Fue un viaje que prepar\u00f3 su esp\u00edritu para ser fecundado por la gracia divina ya que al ver c\u00f3mo viv\u00edan su fe los musulmanes, brot\u00f3 de su interior esta ardiente s\u00faplica: \u00abDios m\u00edo, si existes, haz que te conozca\u00bb. Esta sinceridad y apertura fueron suficientes para que penetrase la luz divina en su coraz\u00f3n a raudales. En octubre de 1886 cuando se hallaba en Par\u00eds preparando el texto sobre su viaje por Marruecos, inici\u00f3 su itinerario espiritual llevado de la mano del padre Huvelin. Obedeciendo sus indicaciones, se confes\u00f3, pese a declararse no creyente, y se sinti\u00f3 totalmente renovado: \u00abTan pronto como cre\u00ed que hab\u00eda un Dios, comprend\u00ed que no pod\u00eda hacer otra cosa sino vivir para El; mi vocaci\u00f3n religiosa es del mismo momento que mi fe: Dios es tan grande\u00bb. <\/span><\/p>\n<p style=\"text-align: justify\"><span lang=\"\">Durante siete a\u00f1os la Trapa fue su hogar. Primeramente pas\u00f3 uno en la casa de Nuestra Se\u00f1ora de las Nieves, en Francia, y de all\u00ed, a petici\u00f3n suya vivi\u00f3 otros seis en la que ten\u00edan en Akb\u00e9s, Siria. Impactado por la experiencia, pero sin terminar de encajar all\u00ed totalmente, regres\u00f3 a Roma para cursar estudios por indicaci\u00f3n de sus superiores, pero en 1896 abandon\u00f3 la comunidad trapense y peregrin\u00f3 a Tierra Santa. All\u00ed permaneci\u00f3 un tiempo asistiendo a las hermanas clarisas en Nazareth. Fue otro momento importante para su vida espiritual que recorri\u00f3 impregn\u00e1ndose de la pobreza que hallaba encerrada en estos matices: \u00abNo tenemos una pobreza convencional, sino la pobreza de los pobres. La pobreza que, en la vida escondida, no vive de dones ni de limosnas ni de rentas, sino s\u00f3lo del trabajo manual\u00bb. <\/span><\/p>\n<p style=\"text-align: justify\"><span lang=\"\">Despu\u00e9s de una profunda experiencia casi erem\u00edtica, saboreando la riqueza de la contemplaci\u00f3n, regres\u00f3 a Francia donde prosigui\u00f3 los estudios que en 1901 culminaron con su ordenaci\u00f3n sacerdotal en Viviers. Ten\u00eda 43 a\u00f1os y una idea apost\u00f3lica tan clara que no dud\u00f3 en materializarla: la evangelizaci\u00f3n de Marruecos. Al no poder residir en el pa\u00eds, como hubiera sido su deseo, se afinc\u00f3 lo m\u00e1s cerca posible, en Beni-Abb\u00e9s, Argelia. Ya ten\u00eda clavada esta convicci\u00f3n: \u00abHar\u00e9 el bien en la medida en que sea santo\u00bb. El esp\u00edritu de sacrificio, la pobreza, el desvelo por los enfermos y los m\u00e1s necesitados se hab\u00eda convertido en el objetivo prioritario de su vida que hab\u00eda encendido con sus largas horas de adoraci\u00f3n ante la Eucarist\u00eda: \u00abLa Eucarist\u00eda es Dios con nosotros, es Dios en nosotros, es Dios que se da perennemente a nosotros, para amar, adorar, abrazar y poseer\u00bb. Sab\u00eda por experiencia y as\u00ed lo expres\u00f3 que \u00abcuanto m\u00e1s se ama, mejor se ora\u00bb.<\/span><\/p>\n<p style=\"text-align: justify\"><span lang=\"\">Emulando a los mercedarios, liber\u00f3 esclavos en 1902, y entre 1904 y 1905 se estableci\u00f3 en Tamanrasset junto al pueblo tuaregs del Hoggar argelino. Parec\u00eda como si tuviese la impresi\u00f3n de que deb\u00eda apurar el tiempo. Tabaj\u00f3 con denuedo en una formidable labor de inculturaci\u00f3n, primeramente traduciendo al tuareg los evangelios, labor que continu\u00f3 a la inversa, traduciendo al franc\u00e9s poes\u00eda tuareg. Es autor de un diccionario biling\u00fce franc\u00e9s-tuareg y tuareg-franc\u00e9s, de una gram\u00e1tica y de varias obras sobre esta tribu n\u00f3mada. Este era su anhelo: \u00abYo quisiera ser lo bastante bueno para que ellos digan: \u2018Si tal es el servidor, \u00bfcomo entonces ser\u00e1 el Maestro&#8230;\u2019?\u00bb. <\/span><\/p>\n<p style=\"text-align: justify\">En 1909 puso en marcha la Uni\u00f3n de Hermanos y Hermanas del Sagrado Coraz\u00f3n con el objetivo de llevar la fe a \u00c1frica. En los once a\u00f1os que convivi\u00f3 con los tuaregs se hizo uno con ellos sin escatimar esfuerzos, con el gozo de saber que de ese modo cumpl\u00eda fielmente la misi\u00f3n a la que se sinti\u00f3 llamado por Cristo. Am\u00f3 al pueblo hasta el fin, y all\u00ed entreg\u00f3 su vida. El 1 de diciembre de 1916 una bala de fusil en medio de una emboscada bereber acab\u00f3 con este gran ap\u00f3stol que fue beatificado por Benedicto XVI el 13 de noviembre de 2005.<\/p>\n<p style=\"text-align: justify\">El influjo de su espiritualidad se halla en diversas instituciones: los Hermanitos y las Hermanitas de Jes\u00fas, las Hermanitas y los Hermanitos del Evangelio, las Hermanitas de Nazaret, las Hermanitas del Sagrado Coraz\u00f3n, la Fraternidad Jes\u00fas Caritas, y la Fraternidad Charles de Foucauld.<\/p>\n<p><span class=\"et_bloom_bottom_trigger\"><\/span><\/p>\n<p><a href=\"https:\/\/es.zenit.org\/\" target=\"_blank\" rel=\"nofollow\">Fuente: es.zenit.org<\/a><\/p>\n","protected":false},"excerpt":{"rendered":"<p>(ZENIT &#8211; Madrid).- Este \u00abmisionero del Sahara\u00bb, ap\u00f3stol de los tuaregs, naci\u00f3 en Strassbourg, Francia, el 15 de septiembre de 1858. Su origen aristocr\u00e1tico \u2013fue vizconde de Foucauld\u2013 inicialmente no le otorg\u00f3 a su car\u00e1cter la distinci\u00f3n que cabr\u00eda esperar en alguien de su alcurnia. \u00c9l y su hermana Mar\u00eda perdieron a sus padres. Charles &hellip; <a href=\"https:\/\/www.biblia.work\/noticias\/beato-charles-de-foucauld-1-de-diciembre\/\" class=\"more-link\">Continuar leyendo<span class=\"screen-reader-text\"> \u00abBeato Charles de Foucauld \u2013 1 de diciembre\u00bb<\/span><\/a><\/p>\n","protected":false},"author":1,"featured_media":0,"comment_status":"open","ping_status":"closed","sticky":false,"template":"","format":"standard","meta":{"footnotes":""},"categories":[1],"tags":[],"class_list":["post-9485","post","type-post","status-publish","format-standard","hentry","category-general"],"_links":{"self":[{"href":"https:\/\/www.biblia.work\/noticias\/wp-json\/wp\/v2\/posts\/9485","targetHints":{"allow":["GET"]}}],"collection":[{"href":"https:\/\/www.biblia.work\/noticias\/wp-json\/wp\/v2\/posts"}],"about":[{"href":"https:\/\/www.biblia.work\/noticias\/wp-json\/wp\/v2\/types\/post"}],"author":[{"embeddable":true,"href":"https:\/\/www.biblia.work\/noticias\/wp-json\/wp\/v2\/users\/1"}],"replies":[{"embeddable":true,"href":"https:\/\/www.biblia.work\/noticias\/wp-json\/wp\/v2\/comments?post=9485"}],"version-history":[{"count":0,"href":"https:\/\/www.biblia.work\/noticias\/wp-json\/wp\/v2\/posts\/9485\/revisions"}],"wp:attachment":[{"href":"https:\/\/www.biblia.work\/noticias\/wp-json\/wp\/v2\/media?parent=9485"}],"wp:term":[{"taxonomy":"category","embeddable":true,"href":"https:\/\/www.biblia.work\/noticias\/wp-json\/wp\/v2\/categories?post=9485"},{"taxonomy":"post_tag","embeddable":true,"href":"https:\/\/www.biblia.work\/noticias\/wp-json\/wp\/v2\/tags?post=9485"}],"curies":[{"name":"wp","href":"https:\/\/api.w.org\/{rel}","templated":true}]}}