{"id":9495,"date":"2016-11-30T18:10:05","date_gmt":"2016-11-30T23:10:05","guid":{"rendered":"http:\/\/www.biblia.work\/noticias\/supremo-tribunal-de-brasil-aborto-a-los-3-meses-no-es-crimen\/"},"modified":"2016-11-30T18:10:05","modified_gmt":"2016-11-30T23:10:05","slug":"supremo-tribunal-de-brasil-aborto-a-los-3-meses-no-es-crimen","status":"publish","type":"post","link":"https:\/\/www.biblia.work\/noticias\/supremo-tribunal-de-brasil-aborto-a-los-3-meses-no-es-crimen\/","title":{"rendered":"Supremo Tribunal de Brasil: Aborto a los 3 meses no es crimen"},"content":{"rendered":"<p style=\"text-align: justify\">BRASIL.- Brasil, un pa\u00eds mayoritariamente conservador y donde a\u00fan son minor\u00eda quienes defienden la legalizaci\u00f3n del aborto, acaba de reabrir el debate en torno a esa cuesti\u00f3n. El Supremo Tribunal Federal (STF) decidi\u00f3 este martes 29 que la interrupci\u00f3n voluntaria del embarazo hasta el tercer mes no puede considerarse un crimen y estableci\u00f3 as\u00ed un precedente que podr\u00eda llevar a su despenalizaci\u00f3n. Aliados del Gobierno de centro-derecha ya han anunciado que contraatacar\u00e1n por la v\u00eda parlamentaria.<\/p>\n<p style=\"text-align: justify\">La decisi\u00f3n de la sala primera del Supremo se refiere a un caso espec\u00edfico sobre la detenci\u00f3n de cinco m\u00e9dicos y enfermeros de una cl\u00ednica clandestina en Xer\u00e9m, municipio de la periferia de R\u00edo de Janeiro. Pese a no ser vinculante, magistrados de otras instancias podr\u00edan seguir el mismo criterio a partir de ahora.<\/p>\n<p style=\"text-align: justify\">En 2014, la Corte ya hab\u00eda ordenado liberar a los cinco trabajadores por entender que no representaban una amenaza al orden p\u00fablico ni se daban otros requisitos para su prisi\u00f3n preventiva. Pero al juzgar esta semana el habeas corpus sobre el m\u00e9rito del caso, tres de sus miembros a\u00f1adieron el argumento de que, &#8220;en la hip\u00f3tesis de la interrupci\u00f3n voluntaria de la gestaci\u00f3n efectuada en el primer trimestre, la criminalizaci\u00f3n viola diversos derechos fundamentales de la mujer&#8221;.<\/p>\n<p style=\"text-align: justify\">Dado que &#8220;es la mujer quien soporta la carga integral del embarazo&#8221;, explic\u00f3 el juez Lu\u00eds Roberto Barroso. &#8220;Solamente habr\u00e1 igualdad plena si a ella se le reconoce el derecho de decidir&#8221; sobre la continuidad o no de dicha gestaci\u00f3n. &#8220;Tener un hijo por determinaci\u00f3n del derecho penal constituye una grave violaci\u00f3n de la integridad f\u00edsica y ps\u00edquica de una mujer&#8221;, a\u00f1adi\u00f3.<\/p>\n<p style=\"text-align: justify\">Adem\u00e1s, dijo, &#8220;la tipificaci\u00f3n penal tambi\u00e9n produce discriminaci\u00f3n social, ya que perjudica de forma desproporcionada a las mujeres pobres, que no tienen acceso a m\u00e9dicos y cl\u00ednicas privadas ni pueden valerse del sistema p\u00fablico de sanidad para realizar el procedimiento abortivo&#8221;. En ese sentido, aludi\u00f3 a la realidad que afrontan cada a\u00f1o decenas de miles de brasile\u00f1as, forzadas a recurrir a centros clandestinos &#8220;sin ninguna infraestructura&#8221; o a m\u00e9todos &#8220;precarios y primitivos&#8221; que pueden causarles lesiones, mutilaciones e incluso la muerte.<\/p>\n<p style=\"text-align: justify\">Encuestas realizadas en los \u00faltimos a\u00f1os indican que tres de cada cuatro brasile\u00f1os se oponen a legalizar la interrupci\u00f3n voluntaria de la gestaci\u00f3n. Hoy conlleva una pena de uno a tres a\u00f1os de c\u00e1rcel, aunque no se aplica si la madre ha sufrido una violaci\u00f3n o su vida corre peligro. El Supremo decidi\u00f3 en 2012 que tampoco es crimen si se trata de fetos con anencefalia y la pr\u00f3xima semana juzgar\u00e1 el caso de mujeres infectadas por el virus del zika, que podr\u00eda causar microcefalia en beb\u00e9s.<\/p>\n<p style=\"text-align: justify\">En su voto, el juez Barroso record\u00f3 que &#8220;pr\u00e1cticamente ning\u00fan pa\u00eds democr\u00e1tico y desarrollado&#8221; trata hoy el aborto como un crimen, siempre que se produzca &#8220;durante la fase inicial&#8221;. Se refiri\u00f3 espec\u00edficamente a la legislaci\u00f3n de Espa\u00f1a y de otros pa\u00edses europeos, como Alemania, Francia, Holanda, Italia, Portugal o Reino Unido, adem\u00e1s de Australia, Canad\u00e1 y Estados Unidos.<\/p>\n<p style=\"text-align: justify\">Luiz Carlos Hauly, veterano diputado del Partido de la Socialdemocracia Brasile\u00f1a (PSDB) y que apoy\u00f3 el pasado mayo la impugnaci\u00f3n de la presidenta. &#8220;Quiero hacer una protesta vehemente contra la sala primera del Supremo. \u00a1Est\u00e1 instituido el asesinato!&#8221;, se quej\u00f3, en un discurso ante el pleno de la C\u00e1mara.<\/p>\n<p style=\"text-align: justify\">&#8220;Es una verg\u00fcenza lo que el Supremo ha hecho contra la vida, contra el ser humano en el planeta Tierra. Decisi\u00f3n abominable&#8221;, conden\u00f3.<\/p>\n<p style=\"text-align: justify\">La entrada <a rel=\"nofollow\" href=\"http:\/\/www.noticiacristiana.com\/sociedad\/iglesiaestado\/2016\/11\/brasil-tribunal-aborto-no-crimen.html\">Supremo Tribunal de Brasil: Aborto a los 3 meses no es crimen<\/a> aparece primero en <a rel=\"nofollow\" href=\"http:\/\/www.noticiacristiana.com\">NoticiaCristiana.com<\/a>.<\/p>\n","protected":false},"excerpt":{"rendered":"<p>BRASIL.- Brasil, un pa\u00eds mayoritariamente conservador y donde a\u00fan son minor\u00eda quienes defienden la legalizaci\u00f3n del aborto, acaba de reabrir el debate en torno a esa cuesti\u00f3n. El Supremo Tribunal Federal (STF) decidi\u00f3 este martes 29 que la interrupci\u00f3n voluntaria del embarazo hasta el tercer mes no puede considerarse un crimen y estableci\u00f3 as\u00ed un &hellip; <a href=\"https:\/\/www.biblia.work\/noticias\/supremo-tribunal-de-brasil-aborto-a-los-3-meses-no-es-crimen\/\" class=\"more-link\">Continuar leyendo<span class=\"screen-reader-text\"> \u00abSupremo Tribunal de Brasil: Aborto a los 3 meses no es crimen\u00bb<\/span><\/a><\/p>\n","protected":false},"author":1,"featured_media":0,"comment_status":"open","ping_status":"closed","sticky":false,"template":"","format":"standard","meta":{"footnotes":""},"categories":[1],"tags":[],"class_list":["post-9495","post","type-post","status-publish","format-standard","hentry","category-general"],"_links":{"self":[{"href":"https:\/\/www.biblia.work\/noticias\/wp-json\/wp\/v2\/posts\/9495","targetHints":{"allow":["GET"]}}],"collection":[{"href":"https:\/\/www.biblia.work\/noticias\/wp-json\/wp\/v2\/posts"}],"about":[{"href":"https:\/\/www.biblia.work\/noticias\/wp-json\/wp\/v2\/types\/post"}],"author":[{"embeddable":true,"href":"https:\/\/www.biblia.work\/noticias\/wp-json\/wp\/v2\/users\/1"}],"replies":[{"embeddable":true,"href":"https:\/\/www.biblia.work\/noticias\/wp-json\/wp\/v2\/comments?post=9495"}],"version-history":[{"count":0,"href":"https:\/\/www.biblia.work\/noticias\/wp-json\/wp\/v2\/posts\/9495\/revisions"}],"wp:attachment":[{"href":"https:\/\/www.biblia.work\/noticias\/wp-json\/wp\/v2\/media?parent=9495"}],"wp:term":[{"taxonomy":"category","embeddable":true,"href":"https:\/\/www.biblia.work\/noticias\/wp-json\/wp\/v2\/categories?post=9495"},{"taxonomy":"post_tag","embeddable":true,"href":"https:\/\/www.biblia.work\/noticias\/wp-json\/wp\/v2\/tags?post=9495"}],"curies":[{"name":"wp","href":"https:\/\/api.w.org\/{rel}","templated":true}]}}