{"id":9499,"date":"2016-11-30T20:05:02","date_gmt":"2016-12-01T01:05:02","guid":{"rendered":"http:\/\/www.biblia.work\/noticias\/el-exito-de-esta-disenadora-desafia-a-quienes-promueven-aborto-por-sindrome-de-down\/"},"modified":"2016-11-30T20:05:02","modified_gmt":"2016-12-01T01:05:02","slug":"el-exito-de-esta-disenadora-desafia-a-quienes-promueven-aborto-por-sindrome-de-down","status":"publish","type":"post","link":"https:\/\/www.biblia.work\/noticias\/el-exito-de-esta-disenadora-desafia-a-quienes-promueven-aborto-por-sindrome-de-down\/","title":{"rendered":"El \u00e9xito de esta dise\u00f1adora desaf\u00eda a quienes promueven aborto por S\u00edndrome de Down"},"content":{"rendered":"<p> MADRID, 30 Nov. 16 (ACI).-<br \/>\n\tQue una joven con s&iacute;ndrome de down tenga su propia l&iacute;nea de ropa &ndash;Lady Isabel Design- &nbsp;y realice un desfile con sus modelos en el destacado hotel NH Eurobuilding de Madrid (Espa&ntilde;a), responde sin duda a su talento &uacute;nico en el dise&ntilde;o, pero tambi&eacute;n al esfuerzo y constancia de una madre que no consider&oacute; que la discapacidad de su hija tuviera fuera algo negativo, sino una oportunidad para convertir esa potencial debilidad en una aut&eacute;ntica fortaleza. &nbsp;<\/p>\n<p style=\"text-align: justify\">\n\t\tAs&iacute; desfila @LadyIsa_design #coleccionladyisabel #boton pic.twitter.com\/ANavWJn9Sz<\/p>\n<p>\t&mdash; Lady Isabel Design (@LadyIsa_design) 29 de noviembre de 2016<\/p>\n<p style=\"text-align: justify\">\n\t&ldquo;Hemos convertido una dificultad en una oportunidad. Nos gustar&iacute;a que el ejemplo se extendiera y se visibilizaran las capacidades y talentos que estas personas con discapacidad tienen, porque muchas veces piensas que como tiene una discapacidad es imposible y lo m&aacute;s que puedo aspirar es a poco. Eso es lo que hay que evitar&rdquo;, explica a ACI Prensa Aurora Salgado, madre de la dise&ntilde;adora Lady Isabel.<\/p>\n<p style=\"text-align: justify\">\n\tComo se sabe, Espa&ntilde;a est&aacute; entre los pa&iacute;ses con menor &iacute;ndice de nacimientos de personas con trisom&iacute;a 21, y tiene un ratio de 1 por 700 nacimientos vivos. De hecho, seg&uacute;n informes recientes, tras la prueba de amniocentesis, si se detecta que el feto tiene S&iacute;ndrome de Down, el 90% de los padres en Espa&ntilde;a decide abortar, ya que es uno de los supuestos en los que la ley espa&ntilde;ola lo ampara.&nbsp;<\/p>\n<p style=\"text-align: justify\">\n\tSin embargo, el camino de Isabel hacia el mundo del dise&ntilde;o no ha sido sencillo, pasaron muchos a&ntilde;os hasta que finalmente su madre se dio cuenta que ten&iacute;a talento para ello.<\/p>\n<p style=\"text-align: justify\">\n<p style=\"text-align: justify\">\n\t&ldquo;Isabel siempre ha sido muy creativa e igual quer&iacute;a dise&ntilde;ar que tocar la guitarra, cantar o bailar. Como al principio no le hice caso en su af&aacute;n por el dise&ntilde;o, ella le llev&oacute; todos sus modelos a una profesora para que los viera y fue quien me alert&oacute; de que realmente eran dise&ntilde;os muy bonitos y con talento&rdquo;, explica Aurora.<\/p>\n<p style=\"text-align: justify\">\n\tSeg&uacute;n explica esta joven, dise&ntilde;adora jefe de su marca Lady Isabel Design, su secreto est&aacute; en &ldquo;abrir la mente&rdquo; y as&iacute; deja fluir la creatividad y los dise&ntilde;os que plasma con colores especialmente vivos.<\/p>\n<p style=\"text-align: justify\">\n<p style=\"text-align: justify\">\n\tY con paciencia y constancia consiguieron que el modisto Antonio Ramos se involucrara para comenzar a hacer realidad los dise&ntilde;os que ella plasmaba en el papel. &ldquo;Al principio me lo tom&eacute; como un hobby de fin de semana -cuenta a ACI Prensa Ramos.- Me pasaron los dise&ntilde;os y los iba haciendo hasta que se convirti&oacute; en un proyecto en el que me involucr&eacute; por completo&rdquo;.<\/p>\n<p style=\"text-align: justify\">\n\tEl martes 29 de noviembre fue el culmen de todo ese esfuerzo: Casi 40 dise&ntilde;os de Lady Isabel Design y llevados a cabo por Antonio Ramos desfilaron en una pasarela &uacute;nica en el espectacular hotel NH Eurobuilding de Madrid (Espa&ntilde;a).<\/p>\n<p style=\"text-align: justify\">\n\tUna colecci&oacute;n que seg&uacute;n Ramos est&aacute; &ldquo;llena de color, de felicidad, de entusiasmo, de alegr&iacute;a&rdquo; y precisa que su objetivo con este desfile es &ldquo;que Isabel y su marca Lady Isabel Design triunfe porque tiene talento y porque puede hacerlo&rdquo;.<\/p>\n<p style=\"text-align: justify\">\n\tUn momento que Isabel ha vivido con grand&iacute;sima emoci&oacute;n. &ldquo;Tengo estoy nerviosa y emocionada pero quiero conseguir vestir a todas las mujeres de Espa&ntilde;a y del mundo&rdquo;.<\/p>\n<p style=\"text-align: justify\">\n<p style=\"text-align: justify\">\n\tUna historia de superaci&oacute;n que Aurora &ndash;madre de Isabel- explica que comenzaron desde el mismo momento que supieron que tendr&iacute;a s&iacute;ndrome de Down: &ldquo;Cuando naci&oacute; Isabel me plantee que el s&iacute;ndrome de Down no fuera un l&iacute;mite. Sino descubrir qu&eacute; pod&iacute;amos hacer y hasta donde llegar en esta situaci&oacute;n que se nos ven&iacute;a. Buscamos los mejores tratamientos y procesos de estimulaci&oacute;n temprana para que Isabel pudiera llegar lo m&aacute;s lejos posible. Nunca vimos el S&iacute;ndrome de Down como un problema en casa&rdquo;.<\/p>\n<p style=\"text-align: justify\">\n\tY manda un mensaje a todas las familias que puedan verse desorientados ante la llegada de un hijo con discapacidad: &ldquo;No teng&aacute;is prejuicios, no os dej&eacute;is limitar. Vuestro hijo tiene unas capacidades concretas, igual que cada uno de nosotros tenemos unas distintas&rdquo; e Isabel apunta: &ldquo;Yo soy s&iacute;ndrome de Down pero todos somos iguales por dentro&rdquo;.<\/p>\n<p style=\"text-align: justify\">\n\tTambi&eacute;n te puede interesar:&nbsp;<\/p>\n<p style=\"text-align: justify\">\n\t\tElla es Noelia, la primera maestra con s&iacute;ndrome de Down en Argentina https:\/\/t.co\/h3PiMX5BKA<\/p>\n<p>\t&mdash; ACI Prensa (@aciprensa) 16 de noviembre de 2016<\/p>\n","protected":false},"excerpt":{"rendered":"<p>MADRID, 30 Nov. 16 (ACI).- Que una joven con s&iacute;ndrome de down tenga su propia l&iacute;nea de ropa &ndash;Lady Isabel Design- &nbsp;y realice un desfile con sus modelos en el destacado hotel NH Eurobuilding de Madrid (Espa&ntilde;a), responde sin duda a su talento &uacute;nico en el dise&ntilde;o, pero tambi&eacute;n al esfuerzo y constancia de una &hellip; <a href=\"https:\/\/www.biblia.work\/noticias\/el-exito-de-esta-disenadora-desafia-a-quienes-promueven-aborto-por-sindrome-de-down\/\" class=\"more-link\">Continuar leyendo<span class=\"screen-reader-text\"> \u00abEl \u00e9xito de esta dise\u00f1adora desaf\u00eda a quienes promueven aborto por S\u00edndrome de Down\u00bb<\/span><\/a><\/p>\n","protected":false},"author":1,"featured_media":0,"comment_status":"open","ping_status":"closed","sticky":false,"template":"","format":"standard","meta":{"footnotes":""},"categories":[1],"tags":[],"class_list":["post-9499","post","type-post","status-publish","format-standard","hentry","category-general"],"_links":{"self":[{"href":"https:\/\/www.biblia.work\/noticias\/wp-json\/wp\/v2\/posts\/9499","targetHints":{"allow":["GET"]}}],"collection":[{"href":"https:\/\/www.biblia.work\/noticias\/wp-json\/wp\/v2\/posts"}],"about":[{"href":"https:\/\/www.biblia.work\/noticias\/wp-json\/wp\/v2\/types\/post"}],"author":[{"embeddable":true,"href":"https:\/\/www.biblia.work\/noticias\/wp-json\/wp\/v2\/users\/1"}],"replies":[{"embeddable":true,"href":"https:\/\/www.biblia.work\/noticias\/wp-json\/wp\/v2\/comments?post=9499"}],"version-history":[{"count":0,"href":"https:\/\/www.biblia.work\/noticias\/wp-json\/wp\/v2\/posts\/9499\/revisions"}],"wp:attachment":[{"href":"https:\/\/www.biblia.work\/noticias\/wp-json\/wp\/v2\/media?parent=9499"}],"wp:term":[{"taxonomy":"category","embeddable":true,"href":"https:\/\/www.biblia.work\/noticias\/wp-json\/wp\/v2\/categories?post=9499"},{"taxonomy":"post_tag","embeddable":true,"href":"https:\/\/www.biblia.work\/noticias\/wp-json\/wp\/v2\/tags?post=9499"}],"curies":[{"name":"wp","href":"https:\/\/api.w.org\/{rel}","templated":true}]}}