{"id":9508,"date":"2016-12-01T07:15:02","date_gmt":"2016-12-01T12:15:02","guid":{"rendered":"http:\/\/www.biblia.work\/noticias\/francisco-a-los-estudiantes-internacionales-la-educacion-es-un-don-pero-no-solo-para-si-mismos\/"},"modified":"2016-12-01T07:15:02","modified_gmt":"2016-12-01T12:15:02","slug":"francisco-a-los-estudiantes-internacionales-la-educacion-es-un-don-pero-no-solo-para-si-mismos","status":"publish","type":"post","link":"https:\/\/www.biblia.work\/noticias\/francisco-a-los-estudiantes-internacionales-la-educacion-es-un-don-pero-no-solo-para-si-mismos\/","title":{"rendered":"Francisco a los estudiantes internacionales: la educaci\u00f3n es un don, pero no solo para s\u00ed mismos"},"content":{"rendered":"<p style=\"text-align: justify\">(ZENIT &#8211; Ciudad del Vaticano).- El papa Francisco invit\u00f3 este jueves\u00a0a los j\u00f3venes estudiantes inmigrantes a ser &#8220;centinelas del amanecer&#8221;, citando una c\u00e9lebre frase de san Juan Pablo II. Y les exhort\u00f3 que esto\u00a0sea cada d\u00eda &#8220;con los ojos dirigidos a Cristo y a la historia&#8221;, para as\u00ed &#8220;anunciar la salvaci\u00f3n de Jes\u00fas&#8221; y llevar &#8220;su luz en un mundo que con mucha frecuencia est\u00e1 oscurecido por las tinieblas de la indiferencia, del ego\u00edsmo y de la guerra&#8221;.<\/p>\n<p style=\"text-align: justify\">La invitaci\u00f3n fue dirigida a los participantes del IV Congreso Mundial de pastoral para los estudiantes internacionales\u00a0provenientes de 36 pa\u00edses,\u00a0reunidos en Roma del 28 de noviembre al 2 de diciembre, con el\u00a0t\u00edtulo: \u201c<em>Evangelii Gaudium<\/em> del papa Francisco y los desaf\u00edos morales en el mundo intelectual de los estudiantes internacionales hacia una sociedad m\u00e1s sana&#8221;.\u00a0El congreso es organizado\u00a0por el Pontificio Consejo para los migrantes e itinerantes y el Pont\u00edfice les recibi\u00f3 en la Sala Clementina del Palacio Apost\u00f3lico Vaticano.<\/p>\n<p style=\"text-align: justify\">El Papa en sus palabras reconoci\u00f3 que &#8220;los desaf\u00edos morales que es necesario afrontar son muchos y no es siempre f\u00e1cil luchar para afirmar la verdad y los valores, especialmente cuando uno es joven&#8221;, y que deben recordar que &#8220;con la ayuda de Dios y la sincera voluntad de hacer el bien, todo obst\u00e1culo puede ser superado&#8221;. Y les exhort\u00f3: &#8220;no se detengan nunca ni se desanimen, porque el Esp\u00edritu de Cristo les guiar\u00e1 si escuchan su voz&#8221;.<\/p>\n<p style=\"text-align: justify\">El Santo Padre advirti\u00f3 entretanto\u00a0que &#8220;a la concepci\u00f3n moderna del intelectual empe\u00f1ado en la realizaci\u00f3n de s\u00ed mismo&#8221;, es necesario\u00a0&#8220;contraponer un modelo m\u00e1s solidario que se ocupe del bien com\u00fan y de la paz&#8221;. Y les record\u00f3 que poder estudiar es un don, y tambi\u00e9n una responsabilidad.<\/p>\n<p style=\"text-align: justify\">A\u00f1adi\u00f3 que adem\u00e1s el hecho de estudiar en un pa\u00eds diverso al propio, de aprender nuevos idiomas, usos y costumbres, les &#8220;permite mirar el mundo desde otra perspectiva&#8221; hacia &#8220;quien es diverso&#8221;, lo que les lleva a ser &#8220;m\u00e1s tolerantes y hospitalarios&#8221;.<\/p>\n<p style=\"text-align: justify\">Francisco reiter\u00f3 que las escuelas y universidades &#8220;son un \u00e1mbito privilegiado&#8221; hacia &#8220;un mundo m\u00e1s solidario&#8221; y para &#8220;llevar adelante un empe\u00f1o de evangelizaci\u00f3n de manera interdisciplinaria e integrada&#8221;.<\/p>\n<p style=\"text-align: justify\">Por esto a los docentes y trabajadores pastorales, el Papa les invit\u00f3 &#8220;a infundir en los j\u00f3venes el amor por el evangelio, la ganas de vivirlo concretamente y de anunciarlo a los otros&#8221;. \u00a0Y que este crecimiento &#8220;sea un punto de partida para que una vez regresados a su pa\u00eds de origen den su contribuci\u00f3n calificada&#8221; tambi\u00e9n &#8220;para transmitir la alegr\u00eda de la Buena Noticia&#8221;. Para ello, precis\u00f3, &#8220;es necesaria una educaci\u00f3n que ense\u00f1e a pensar cr\u00edticamente y que ofrezca un recorrido de maduraci\u00f3n en los valores&#8221;.<\/p>\n<p style=\"text-align: justify\">Que los j\u00f3venes decidan ir a estudiar al exterior &#8220;es cosa buena y fecunda&#8221;, en cambio dolorosa cuando los que tienen preparaci\u00f3n &#8220;abandonan el propio pa\u00eds porque faltan adecuadas posibilidades de inserci\u00f3n&#8221;.<br \/>\nLos estudiantes internacionales son un fen\u00f3meno que se ha intensificado a causa de la globalizaci\u00f3n, y es necesario evitar los mecanismos de defensa delante de la diversidad, como las murallas interiores que no permiten de mirar al hermano en los ojos y darse cuenta de sus reales necesidades. Porque, advirti\u00f3 Francisco, tambi\u00e9n entre los j\u00f3venes puede insinuarse la globalizaci\u00f3n de la indiferencia.<\/p>\n<p><span class=\"et_bloom_bottom_trigger\"><\/span><\/p>\n<p><a href=\"https:\/\/es.zenit.org\/\" target=\"_blank\" rel=\"nofollow\">Fuente: es.zenit.org<\/a><\/p>\n","protected":false},"excerpt":{"rendered":"<p>(ZENIT &#8211; Ciudad del Vaticano).- El papa Francisco invit\u00f3 este jueves\u00a0a los j\u00f3venes estudiantes inmigrantes a ser &#8220;centinelas del amanecer&#8221;, citando una c\u00e9lebre frase de san Juan Pablo II. Y les exhort\u00f3 que esto\u00a0sea cada d\u00eda &#8220;con los ojos dirigidos a Cristo y a la historia&#8221;, para as\u00ed &#8220;anunciar la salvaci\u00f3n de Jes\u00fas&#8221; y llevar &hellip; <a href=\"https:\/\/www.biblia.work\/noticias\/francisco-a-los-estudiantes-internacionales-la-educacion-es-un-don-pero-no-solo-para-si-mismos\/\" class=\"more-link\">Continuar leyendo<span class=\"screen-reader-text\"> \u00abFrancisco a los estudiantes internacionales: la educaci\u00f3n es un don, pero no solo para s\u00ed mismos\u00bb<\/span><\/a><\/p>\n","protected":false},"author":1,"featured_media":0,"comment_status":"open","ping_status":"closed","sticky":false,"template":"","format":"standard","meta":{"footnotes":""},"categories":[1],"tags":[],"class_list":["post-9508","post","type-post","status-publish","format-standard","hentry","category-general"],"_links":{"self":[{"href":"https:\/\/www.biblia.work\/noticias\/wp-json\/wp\/v2\/posts\/9508","targetHints":{"allow":["GET"]}}],"collection":[{"href":"https:\/\/www.biblia.work\/noticias\/wp-json\/wp\/v2\/posts"}],"about":[{"href":"https:\/\/www.biblia.work\/noticias\/wp-json\/wp\/v2\/types\/post"}],"author":[{"embeddable":true,"href":"https:\/\/www.biblia.work\/noticias\/wp-json\/wp\/v2\/users\/1"}],"replies":[{"embeddable":true,"href":"https:\/\/www.biblia.work\/noticias\/wp-json\/wp\/v2\/comments?post=9508"}],"version-history":[{"count":0,"href":"https:\/\/www.biblia.work\/noticias\/wp-json\/wp\/v2\/posts\/9508\/revisions"}],"wp:attachment":[{"href":"https:\/\/www.biblia.work\/noticias\/wp-json\/wp\/v2\/media?parent=9508"}],"wp:term":[{"taxonomy":"category","embeddable":true,"href":"https:\/\/www.biblia.work\/noticias\/wp-json\/wp\/v2\/categories?post=9508"},{"taxonomy":"post_tag","embeddable":true,"href":"https:\/\/www.biblia.work\/noticias\/wp-json\/wp\/v2\/tags?post=9508"}],"curies":[{"name":"wp","href":"https:\/\/api.w.org\/{rel}","templated":true}]}}