{"id":9512,"date":"2016-12-01T08:05:02","date_gmt":"2016-12-01T13:05:02","guid":{"rendered":"http:\/\/www.biblia.work\/noticias\/peru-lanzan-campana-conmishijosnotemetas-contra-adoctrinamiento-en-ideologia-de-genero\/"},"modified":"2016-12-01T08:05:02","modified_gmt":"2016-12-01T13:05:02","slug":"peru-lanzan-campana-conmishijosnotemetas-contra-adoctrinamiento-en-ideologia-de-genero","status":"publish","type":"post","link":"https:\/\/www.biblia.work\/noticias\/peru-lanzan-campana-conmishijosnotemetas-contra-adoctrinamiento-en-ideologia-de-genero\/","title":{"rendered":"Per\u00fa: Lanzan campa\u00f1a #ConMisHijosNoTeMetas contra adoctrinamiento en ideolog\u00eda de g\u00e9nero"},"content":{"rendered":"<p> Lima, 01 Dic. 16 (ACI).-<br \/>\n\tEn un multitudinario evento en Lima (Per&uacute;), con la asistencia de l&iacute;deres cristianos y pol&iacute;ticos, se lanz&oacute; la campa&ntilde;a #ConMisHijosNoTeMetas, que busca que no se adoctrine con ideolog&iacute;a de g&eacute;nero a los ni&ntilde;os en las escuelas peruanas.<\/p>\n<p style=\"text-align: justify\">\n\tRecientemente, diversos congresistas peruanos, as&iacute; como la Asociaci&oacute;n La Familia Importa &ndash; Per&uacute;, denunciaron que el nuevo Curr&iacute;culo Nacional de la Educaci&oacute;n B&aacute;sica, que entrar&aacute; en vigencia en 2017, promover&iacute;a la ideolog&iacute;a de g&eacute;nero en las escuelas de todo el pa&iacute;s. Cerca de 17.000 personas han firmado una petici&oacute;n en la plataforma internacional CitizenGO exigiendo que se retire este contenido del documento gubernamental.<\/p>\n<p style=\"text-align: justify\">\n\tEl evento fue realizado el 29 de noviembre en la sede de la iglesia Alianza Cristiana y Misionera y participaron el alcalde de Lima, Luis Casta&ntilde;eda Lossio; y los congresistas Edwin Donayre, Julio Rosas, Tamar Arimborgo, Gilder Ushi&ntilde;ahua y Federico Pariona. Tambi&eacute;n estuvo presente el ex congresista Humberto Lay.<\/p>\n<p style=\"text-align: justify\">\n\tComo invitados especiales participaron la diputada colombiana &Aacute;ngela Hern&aacute;ndez&nbsp;y el concejal de Bogot&aacute;, Marco Fidel Ram&iacute;rez, importantes defensores de la familia en Colombia.<\/p>\n<p style=\"text-align: justify\">\n\tEn el evento se firm&oacute; la Declaraci&oacute;n de Lima, que incluye el compromiso de defender la dignidad de la vida humana, la dignidad de la familia y la libertad de religi&oacute;n, as&iacute; como el rechazo a la ideolog&iacute;a de g&eacute;nero, contraria a los principios y valores que sustentan la sociedad peruana.<\/p>\n<p style=\"text-align: justify\">\n\tIdeolog&iacute;a de g&eacute;nero es &ldquo;pensamiento totalitario&rdquo;<\/p>\n<p style=\"text-align: justify\">\n\tEn un reciente pronunciamiento en el Pleno del Congreso de Per&uacute;, el parlamentario Julio Rosas exigi&oacute; que las instituciones del Estado &ldquo;no est&eacute;n siendo tomadas por serviles de esta ideolog&iacute;a que pretende secuestrar al Estado peruano para imponer este pensamiento totalitario en la sociedad peruana&rdquo;.<\/p>\n<p style=\"text-align: justify\">\n\tEntre otras instituciones, Rosas critic&oacute; el funcionamiento de la Defensor&iacute;a del Pueblo en a&ntilde;os recientes y se&ntilde;al&oacute; que &ldquo;en todo caso deber&iacute;amos cambiarle el nombre y llamarle defensor&iacute;a de la ideolog&iacute;a de g&eacute;nero y no del pueblo&rdquo;.<\/p>\n<p style=\"text-align: justify\">\n\tEl congresista peruano lament&oacute; adem&aacute;s que el Ministerio de la Mujer tenga una &ldquo;mesa t&eacute;cnica de promoci&oacute;n de la ideolog&iacute;a de g&eacute;nero&rdquo;, pagada con impuestos de todos los peruanos.<\/p>\n<p style=\"text-align: justify\">\n\t&ldquo;No vamos a pagar nuestros impuestos para promover esta ideolog&iacute;a que afecta a los peruanos&rdquo;, se&ntilde;al&oacute;.<\/p>\n<p style=\"text-align: justify\">\n\tTambi&eacute;n te puede interesar:<\/p>\n<p style=\"text-align: justify\">\n\t\tPer&uacute;: Exigen a gobierno retirar ideolog&iacute;a de g&eacute;nero de material de educaci&oacute;n escolar https:\/\/t.co\/SPaSHQzuEy<\/p>\n<p>\t&mdash; ACI Prensa (@aciprensa) 28 de noviembre de 2016<\/p>\n","protected":false},"excerpt":{"rendered":"<p>Lima, 01 Dic. 16 (ACI).- En un multitudinario evento en Lima (Per&uacute;), con la asistencia de l&iacute;deres cristianos y pol&iacute;ticos, se lanz&oacute; la campa&ntilde;a #ConMisHijosNoTeMetas, que busca que no se adoctrine con ideolog&iacute;a de g&eacute;nero a los ni&ntilde;os en las escuelas peruanas. Recientemente, diversos congresistas peruanos, as&iacute; como la Asociaci&oacute;n La Familia Importa &ndash; Per&uacute;, &hellip; <a href=\"https:\/\/www.biblia.work\/noticias\/peru-lanzan-campana-conmishijosnotemetas-contra-adoctrinamiento-en-ideologia-de-genero\/\" class=\"more-link\">Continuar leyendo<span class=\"screen-reader-text\"> \u00abPer\u00fa: Lanzan campa\u00f1a #ConMisHijosNoTeMetas contra adoctrinamiento en ideolog\u00eda de g\u00e9nero\u00bb<\/span><\/a><\/p>\n","protected":false},"author":1,"featured_media":0,"comment_status":"open","ping_status":"closed","sticky":false,"template":"","format":"standard","meta":{"footnotes":""},"categories":[1],"tags":[],"class_list":["post-9512","post","type-post","status-publish","format-standard","hentry","category-general"],"_links":{"self":[{"href":"https:\/\/www.biblia.work\/noticias\/wp-json\/wp\/v2\/posts\/9512","targetHints":{"allow":["GET"]}}],"collection":[{"href":"https:\/\/www.biblia.work\/noticias\/wp-json\/wp\/v2\/posts"}],"about":[{"href":"https:\/\/www.biblia.work\/noticias\/wp-json\/wp\/v2\/types\/post"}],"author":[{"embeddable":true,"href":"https:\/\/www.biblia.work\/noticias\/wp-json\/wp\/v2\/users\/1"}],"replies":[{"embeddable":true,"href":"https:\/\/www.biblia.work\/noticias\/wp-json\/wp\/v2\/comments?post=9512"}],"version-history":[{"count":0,"href":"https:\/\/www.biblia.work\/noticias\/wp-json\/wp\/v2\/posts\/9512\/revisions"}],"wp:attachment":[{"href":"https:\/\/www.biblia.work\/noticias\/wp-json\/wp\/v2\/media?parent=9512"}],"wp:term":[{"taxonomy":"category","embeddable":true,"href":"https:\/\/www.biblia.work\/noticias\/wp-json\/wp\/v2\/categories?post=9512"},{"taxonomy":"post_tag","embeddable":true,"href":"https:\/\/www.biblia.work\/noticias\/wp-json\/wp\/v2\/tags?post=9512"}],"curies":[{"name":"wp","href":"https:\/\/api.w.org\/{rel}","templated":true}]}}