{"id":9513,"date":"2016-12-01T08:15:02","date_gmt":"2016-12-01T13:15:02","guid":{"rendered":"http:\/\/www.biblia.work\/noticias\/el-papa-recuerda-a-charles-de-foucauld-en-su-centenario\/"},"modified":"2016-12-01T08:15:02","modified_gmt":"2016-12-01T13:15:02","slug":"el-papa-recuerda-a-charles-de-foucauld-en-su-centenario","status":"publish","type":"post","link":"https:\/\/www.biblia.work\/noticias\/el-papa-recuerda-a-charles-de-foucauld-en-su-centenario\/","title":{"rendered":"El Papa recuerda a Charles de Foucauld en su centenario"},"content":{"rendered":"<p style=\"text-align: justify\">(ZENIT &#8211; Ciudad del Vaticano).-\u00a0<span style=\"font-weight: 400\">El papa Francisco, al finalizar la misa en Santa Marta esta ma\u00f1ana, ha recordado que hoy es el centenario del asesinato del beato Charles de Foucauld, que tuvo lugar en Argelia el 1 de diciembre de 1916. <\/span><\/p>\n<p style=\"text-align: justify\"><span style=\"font-weight: 400\">Era un hombre &#8211;ha asegurado el Santo Padre&#8211; que venci\u00f3 muchas resistencias y dio un testimonio que ha hecho bien a la Iglesia. Por eso ha invitado a pedir que \u201cnos bendiga desde el cielo\u201d y \u201cnos ayude a caminar sobre las huellas de pobreza, contemplaci\u00f3n y servicio a los pobres\u201d. <\/span><\/p>\n<p style=\"text-align: justify\"><span style=\"font-weight: 400\">Tambi\u00e9n le ha dedicado unas palabras en su cuenta de Twitter: \u201c<\/span><span style=\"font-weight: 400\">Recordamos hoy al Beato Charles de Foucauld, que dec\u00eda: la fe es ver a Jes\u00fas en cada ser humano\u201d. <\/span><\/p>\n<p style=\"text-align: justify\"><span style=\"font-weight: 400\">Originario de una familia noble de Estrasburgo,<\/span><span style=\"font-weight: 400\"> Charles de Foucauld (1858-1916) tuvo una juventud inquieta y lleg\u00f3 a gastar el patrimonio recibido en herencia por su abuelo. Se convirti\u00f3 en torno a los 30 a\u00f1os y abraz\u00f3 la vocaci\u00f3n religiosa a los 40 asumiendo el nombre mon\u00e1stico de Carlos de Jes\u00fas. <\/span><\/p>\n<p style=\"text-align: justify\"><span style=\"font-weight: 400\">Ordenado sacerdote en 1901, ese mismo a\u00f1o se estableci\u00f3 en Argelia, donde fund\u00f3 una ermita y hosped\u00f3 a pobres de la zona, constantemente amenazados por los asaltantes del desierto. Durante uno de estos asaltos, Charles de Foucauld perdi\u00f3 la vida el 1 de diciembre de 1916. Fue beatificado en 2005 por el papa Benedicto XVI. \u00a0<\/span><\/p>\n<p><span class=\"et_bloom_bottom_trigger\"><\/span><\/p>\n<p><a href=\"https:\/\/es.zenit.org\/\" target=\"_blank\" rel=\"nofollow\">Fuente: es.zenit.org<\/a><\/p>\n","protected":false},"excerpt":{"rendered":"<p>(ZENIT &#8211; Ciudad del Vaticano).-\u00a0El papa Francisco, al finalizar la misa en Santa Marta esta ma\u00f1ana, ha recordado que hoy es el centenario del asesinato del beato Charles de Foucauld, que tuvo lugar en Argelia el 1 de diciembre de 1916. Era un hombre &#8211;ha asegurado el Santo Padre&#8211; que venci\u00f3 muchas resistencias y dio &hellip; <a href=\"https:\/\/www.biblia.work\/noticias\/el-papa-recuerda-a-charles-de-foucauld-en-su-centenario\/\" class=\"more-link\">Continuar leyendo<span class=\"screen-reader-text\"> \u00abEl Papa recuerda a Charles de Foucauld en su centenario\u00bb<\/span><\/a><\/p>\n","protected":false},"author":1,"featured_media":0,"comment_status":"open","ping_status":"closed","sticky":false,"template":"","format":"standard","meta":{"footnotes":""},"categories":[1],"tags":[],"class_list":["post-9513","post","type-post","status-publish","format-standard","hentry","category-general"],"_links":{"self":[{"href":"https:\/\/www.biblia.work\/noticias\/wp-json\/wp\/v2\/posts\/9513","targetHints":{"allow":["GET"]}}],"collection":[{"href":"https:\/\/www.biblia.work\/noticias\/wp-json\/wp\/v2\/posts"}],"about":[{"href":"https:\/\/www.biblia.work\/noticias\/wp-json\/wp\/v2\/types\/post"}],"author":[{"embeddable":true,"href":"https:\/\/www.biblia.work\/noticias\/wp-json\/wp\/v2\/users\/1"}],"replies":[{"embeddable":true,"href":"https:\/\/www.biblia.work\/noticias\/wp-json\/wp\/v2\/comments?post=9513"}],"version-history":[{"count":0,"href":"https:\/\/www.biblia.work\/noticias\/wp-json\/wp\/v2\/posts\/9513\/revisions"}],"wp:attachment":[{"href":"https:\/\/www.biblia.work\/noticias\/wp-json\/wp\/v2\/media?parent=9513"}],"wp:term":[{"taxonomy":"category","embeddable":true,"href":"https:\/\/www.biblia.work\/noticias\/wp-json\/wp\/v2\/categories?post=9513"},{"taxonomy":"post_tag","embeddable":true,"href":"https:\/\/www.biblia.work\/noticias\/wp-json\/wp\/v2\/tags?post=9513"}],"curies":[{"name":"wp","href":"https:\/\/api.w.org\/{rel}","templated":true}]}}