{"id":9514,"date":"2016-12-01T08:15:02","date_gmt":"2016-12-01T13:15:02","guid":{"rendered":"http:\/\/www.biblia.work\/noticias\/el-santo-padre-recibe-a-una-delegacion-de-fieles-del-caucaso\/"},"modified":"2016-12-01T08:15:02","modified_gmt":"2016-12-01T13:15:02","slug":"el-santo-padre-recibe-a-una-delegacion-de-fieles-del-caucaso","status":"publish","type":"post","link":"https:\/\/www.biblia.work\/noticias\/el-santo-padre-recibe-a-una-delegacion-de-fieles-del-caucaso\/","title":{"rendered":"El Santo Padre recibe a una delegaci\u00f3n de fieles del C\u00e1ucaso"},"content":{"rendered":"<p style=\"text-align: justify\"><span style=\"font-weight: 400\">(ZENIT &#8211; Ciudad del Vaticano).- El papa Francisco ha recibido esta ma\u00f1ana en el Vaticano a una delegaci\u00f3n de fieles de la administraci\u00f3n apost\u00f3lica del C\u00e1ucaso, que han viajado para dar las gracias al Papa por su visita a Georgia del 30 de septiembre al 2 de octubre. <\/span><\/p>\n<p style=\"text-align: justify\"><span style=\"font-weight: 400\">En su breve discurso, el Pont\u00edfice les ha agradecido la visita \u201cque lleva tantos recuerdos\u201d. Al mismo tiempo ha reconocido que nunca hubiera imaginado encontrar en Georgia lo que vio: \u201ccultura, espiritualidad, un pueblo que alaba a Jesucristo como el Salvador, porque es un pueblo cristiano\u201d. Fue para m\u00ed &#8211;ha asegurado&#8211; una gran alegr\u00eda,\u00a0<\/span><\/p>\n<p style=\"text-align: justify\"><span style=\"font-weight: 400\">Por otro lado, ha reconocido que bajo el perfil ecum\u00e9nico, le conmovi\u00f3 mucho el patriarca El\u00edas II porque percibi\u00f3 en \u00e9l \u201cun hombre de Dios\u201d. \u00a0<\/span><span style=\"font-weight: 400\">Adem\u00e1s, el Santo Padre tambi\u00e9n ha indicado que recuerda con \u201cmucha simpat\u00eda\u201d el encuentro en la catedral, las preguntas de los laicos. \u201cHe visto la responsabilidad de los laicos en vuestra Iglesia, y esto es algo grande\u201d, ha asegurado. <\/span><\/p>\n<p><span class=\"et_bloom_bottom_trigger\"><\/span><\/p>\n<p><a href=\"https:\/\/es.zenit.org\/\" target=\"_blank\" rel=\"nofollow\">Fuente: es.zenit.org<\/a><\/p>\n","protected":false},"excerpt":{"rendered":"<p>(ZENIT &#8211; Ciudad del Vaticano).- El papa Francisco ha recibido esta ma\u00f1ana en el Vaticano a una delegaci\u00f3n de fieles de la administraci\u00f3n apost\u00f3lica del C\u00e1ucaso, que han viajado para dar las gracias al Papa por su visita a Georgia del 30 de septiembre al 2 de octubre. En su breve discurso, el Pont\u00edfice les &hellip; <a href=\"https:\/\/www.biblia.work\/noticias\/el-santo-padre-recibe-a-una-delegacion-de-fieles-del-caucaso\/\" class=\"more-link\">Continuar leyendo<span class=\"screen-reader-text\"> \u00abEl Santo Padre recibe a una delegaci\u00f3n de fieles del C\u00e1ucaso\u00bb<\/span><\/a><\/p>\n","protected":false},"author":1,"featured_media":0,"comment_status":"open","ping_status":"closed","sticky":false,"template":"","format":"standard","meta":{"footnotes":""},"categories":[1],"tags":[],"class_list":["post-9514","post","type-post","status-publish","format-standard","hentry","category-general"],"_links":{"self":[{"href":"https:\/\/www.biblia.work\/noticias\/wp-json\/wp\/v2\/posts\/9514","targetHints":{"allow":["GET"]}}],"collection":[{"href":"https:\/\/www.biblia.work\/noticias\/wp-json\/wp\/v2\/posts"}],"about":[{"href":"https:\/\/www.biblia.work\/noticias\/wp-json\/wp\/v2\/types\/post"}],"author":[{"embeddable":true,"href":"https:\/\/www.biblia.work\/noticias\/wp-json\/wp\/v2\/users\/1"}],"replies":[{"embeddable":true,"href":"https:\/\/www.biblia.work\/noticias\/wp-json\/wp\/v2\/comments?post=9514"}],"version-history":[{"count":0,"href":"https:\/\/www.biblia.work\/noticias\/wp-json\/wp\/v2\/posts\/9514\/revisions"}],"wp:attachment":[{"href":"https:\/\/www.biblia.work\/noticias\/wp-json\/wp\/v2\/media?parent=9514"}],"wp:term":[{"taxonomy":"category","embeddable":true,"href":"https:\/\/www.biblia.work\/noticias\/wp-json\/wp\/v2\/categories?post=9514"},{"taxonomy":"post_tag","embeddable":true,"href":"https:\/\/www.biblia.work\/noticias\/wp-json\/wp\/v2\/tags?post=9514"}],"curies":[{"name":"wp","href":"https:\/\/api.w.org\/{rel}","templated":true}]}}