{"id":9522,"date":"2016-12-01T11:15:02","date_gmt":"2016-12-01T16:15:02","guid":{"rendered":"http:\/\/www.biblia.work\/noticias\/el-embajador-de-guatemala-ante-la-santa-sede-presenta-sus-credenciales\/"},"modified":"2016-12-01T11:15:02","modified_gmt":"2016-12-01T16:15:02","slug":"el-embajador-de-guatemala-ante-la-santa-sede-presenta-sus-credenciales","status":"publish","type":"post","link":"https:\/\/www.biblia.work\/noticias\/el-embajador-de-guatemala-ante-la-santa-sede-presenta-sus-credenciales\/","title":{"rendered":"El embajador de Guatemala ante la Santa Sede presenta sus credenciales"},"content":{"rendered":"<p style=\"text-align: justify\">(ZENIT &#8211; Ciudad del Vaticano).-\u00a0El papa Francisco ha recibido esta ma\u00f1ana a Alfredo V\u00e1squez Rivera, embajador de Guatemala ante la Santa Sede, con ocasi\u00f3n de la presentaci\u00f3n de las Cartas Credenciales.<\/p>\n<p style=\"text-align: justify\">El nuevo embajador ante la Santa Sede, naci\u00f3 en 1965, est\u00e1 casado y tiene 2 hijos. Licenciado en Ciencias Pol\u00edticas en la Universidad de San Carlos de Guatemala, curs\u00f3 despu\u00e9s la Escuela diplom\u00e1tica de Madrid y el Instituto R\u00edo Branco de Brasil. Est\u00e1 diplomado en el Centro de Estudios estrat\u00e9gicos nacionales en Guatemala y en la Escuela de Derecho de la Universidad de Denver, Colorado.<\/p>\n<p style=\"text-align: justify\">Ha sido jefe de Departamento de Estados Unidos y Canad\u00e1 ante el Ministerio de Asuntos Exteriores; Segundo secretario de la subdirecci\u00f3n para Am\u00e9rica del Sur ante el MAE; Consejero de Organismos Regionales; Subdirector de Pol\u00edtica Multilateral para las Naciones Unidas; Primer Secretario de la Embajada en Brasil; C\u00f3nsul General en Vancouver, Canad\u00e1; C\u00f3nsul General en Denver, Colorado, Estados Unidos; Miembro del Colegio de Abogados y Notarios de Guatemala; profesor auxiliar de Derecho Internacional P\u00fablico y Derecho Diplom\u00e1tico y Consular; profesor de organismos internacionales; profesor de Teor\u00eda y Pr\u00e1ctica de la Negociaci\u00f3n; profesor invitado del Centro de estudios estrat\u00e9gicos nacionales en Guatemala en el campo de las relaciones internacionales; Embajador en Israel, desde agosto de 2010.<\/p>\n<p style=\"text-align: justify\">Habla ingl\u00e9s y portugu\u00e9s.<\/p>\n<p><span class=\"et_bloom_bottom_trigger\"><\/span><\/p>\n<p><a href=\"https:\/\/es.zenit.org\/\" target=\"_blank\" rel=\"nofollow\">Fuente: es.zenit.org<\/a><\/p>\n","protected":false},"excerpt":{"rendered":"<p>(ZENIT &#8211; Ciudad del Vaticano).-\u00a0El papa Francisco ha recibido esta ma\u00f1ana a Alfredo V\u00e1squez Rivera, embajador de Guatemala ante la Santa Sede, con ocasi\u00f3n de la presentaci\u00f3n de las Cartas Credenciales. El nuevo embajador ante la Santa Sede, naci\u00f3 en 1965, est\u00e1 casado y tiene 2 hijos. Licenciado en Ciencias Pol\u00edticas en la Universidad de &hellip; <a href=\"https:\/\/www.biblia.work\/noticias\/el-embajador-de-guatemala-ante-la-santa-sede-presenta-sus-credenciales\/\" class=\"more-link\">Continuar leyendo<span class=\"screen-reader-text\"> \u00abEl embajador de Guatemala ante la Santa Sede presenta sus credenciales\u00bb<\/span><\/a><\/p>\n","protected":false},"author":1,"featured_media":0,"comment_status":"open","ping_status":"closed","sticky":false,"template":"","format":"standard","meta":{"footnotes":""},"categories":[1],"tags":[],"class_list":["post-9522","post","type-post","status-publish","format-standard","hentry","category-general"],"_links":{"self":[{"href":"https:\/\/www.biblia.work\/noticias\/wp-json\/wp\/v2\/posts\/9522","targetHints":{"allow":["GET"]}}],"collection":[{"href":"https:\/\/www.biblia.work\/noticias\/wp-json\/wp\/v2\/posts"}],"about":[{"href":"https:\/\/www.biblia.work\/noticias\/wp-json\/wp\/v2\/types\/post"}],"author":[{"embeddable":true,"href":"https:\/\/www.biblia.work\/noticias\/wp-json\/wp\/v2\/users\/1"}],"replies":[{"embeddable":true,"href":"https:\/\/www.biblia.work\/noticias\/wp-json\/wp\/v2\/comments?post=9522"}],"version-history":[{"count":0,"href":"https:\/\/www.biblia.work\/noticias\/wp-json\/wp\/v2\/posts\/9522\/revisions"}],"wp:attachment":[{"href":"https:\/\/www.biblia.work\/noticias\/wp-json\/wp\/v2\/media?parent=9522"}],"wp:term":[{"taxonomy":"category","embeddable":true,"href":"https:\/\/www.biblia.work\/noticias\/wp-json\/wp\/v2\/categories?post=9522"},{"taxonomy":"post_tag","embeddable":true,"href":"https:\/\/www.biblia.work\/noticias\/wp-json\/wp\/v2\/tags?post=9522"}],"curies":[{"name":"wp","href":"https:\/\/api.w.org\/{rel}","templated":true}]}}