{"id":9528,"date":"2016-12-01T12:15:02","date_gmt":"2016-12-01T17:15:02","guid":{"rendered":"http:\/\/www.biblia.work\/noticias\/argentina-compromiso-social-contra-las-adicciones\/"},"modified":"2016-12-01T12:15:02","modified_gmt":"2016-12-01T17:15:02","slug":"argentina-compromiso-social-contra-las-adicciones","status":"publish","type":"post","link":"https:\/\/www.biblia.work\/noticias\/argentina-compromiso-social-contra-las-adicciones\/","title":{"rendered":"Argentina: Compromiso Social contra las Adicciones"},"content":{"rendered":"<p style=\"text-align: justify\">(ZENIT &#8211; Roma).- El presidente de Argentina Mauricio Macri present\u00f3 este mi\u00e9rcoles el Compromiso Social contra las Adicciones&#8221;, despu\u00e9s de que la Comisi\u00f3n Nacional de Pastoral en Drogadependencia de la Conferencia Episcopal Argentina pidiera a las autoridades que se decrete la emergencia nacional en adicciones.<\/p>\n<p style=\"text-align: justify\">Lo indic\u00f3 la agencia de noticias Aica, precisando que\u00a0el\u00a0mandatario encabez\u00f3 el acto de presentaci\u00f3n, en la quinta presidencial de Olivos, junto con seis gobernadores, la ministra de Desarrollo Social, Carolina Stanley; el titular de la Secretar\u00eda de Programaci\u00f3n para la Prevenci\u00f3n de la Drogadicci\u00f3n y la Lucha contra el Narcotr\u00e1fico (Sedronar), Roberto Moro, y el obispo de San Isidro, monse\u00f1or Oscar Ojea; el responsable de la Comisi\u00f3n Nacional de Drogadependencia, presb\u00edtero Jos\u00e9 Mar\u00eda \u201cPepe\u201d Di Paola, y otros referentes eclesi\u00e1sticos, educativos y del deporte.<\/p>\n<p style=\"text-align: justify\">Macri expres\u00f3 su anhelo de que &#8220;en cada colegio se ense\u00f1e como Historia o Matem\u00e1tica, sobre las consecuencias de caer en las drogas o en el abuso de las drogas&#8221;.<\/p>\n<p style=\"text-align: justify\">El jefe de Estado llam\u00f3 a coordinar el trabajo en el \u00e1rea educativa para que los j\u00f3venes sepan &#8220;cu\u00e1l es la consecuencia de caer en el abuso de las drogas&#8221;.<\/p>\n<p style=\"text-align: justify\">&#8220;En la Argentina se trabaj\u00f3 en este tema pero sin estad\u00edsticas, sin planificar, y todas esas buenas intenciones terminaron frustr\u00e1ndose con la falta de resultado. Hay que atacar tanto la oferta como la demanda&#8221;, sostuvo.<\/p>\n<p style=\"text-align: justify\">El compromiso fue firmado por la gobernadora de la provincia de Buenos Aires, Mar\u00eda Eugenia Vidal; y los mandatarios del Chaco, Domingo Peppo; de Santa Fe, Miguel Lifschitz; del Chubut, Mario Das Neves; de Entre R\u00edos, Gustavo Bordet; y de La Rioja, Sergio Casas.<\/p>\n<p style=\"text-align: justify\">En la apertura del acto, monse\u00f1or Ojea destac\u00f3 el esfuerzo del gobierno para combatir el flagelo de las drogas, mientras que Moro reconoci\u00f3 que &#8220;tenemos un problema grave&#8221;.<\/p>\n<p style=\"text-align: justify\">\u201cEs muy importante no mirar solamente el polo de la oferta sino mirar la demanda; no solo mirar el narcotr\u00e1fico, sino cuidar la vida de nuestros j\u00f3venes\u201d, agreg\u00f3 el prelado.<\/p>\n<p style=\"text-align: justify\">Por su parte el padre Di Paola afirm\u00f3 ante los medios presentes que \u201cesto es un paso adelante: que se haya reconocido la gravedad del problema. Esperamos que las pol\u00edticas p\u00fablicas que se lleven a cabo en el tema droga est\u00e9n acordes con la emergencia declarada\u201d.<\/p>\n<p><span class=\"et_bloom_bottom_trigger\"><\/span><\/p>\n<p><a href=\"https:\/\/es.zenit.org\/\" target=\"_blank\" rel=\"nofollow\">Fuente: es.zenit.org<\/a><\/p>\n","protected":false},"excerpt":{"rendered":"<p>(ZENIT &#8211; Roma).- El presidente de Argentina Mauricio Macri present\u00f3 este mi\u00e9rcoles el Compromiso Social contra las Adicciones&#8221;, despu\u00e9s de que la Comisi\u00f3n Nacional de Pastoral en Drogadependencia de la Conferencia Episcopal Argentina pidiera a las autoridades que se decrete la emergencia nacional en adicciones. Lo indic\u00f3 la agencia de noticias Aica, precisando que\u00a0el\u00a0mandatario encabez\u00f3 &hellip; <a href=\"https:\/\/www.biblia.work\/noticias\/argentina-compromiso-social-contra-las-adicciones\/\" class=\"more-link\">Continuar leyendo<span class=\"screen-reader-text\"> \u00abArgentina: Compromiso Social contra las Adicciones\u00bb<\/span><\/a><\/p>\n","protected":false},"author":1,"featured_media":0,"comment_status":"open","ping_status":"closed","sticky":false,"template":"","format":"standard","meta":{"footnotes":""},"categories":[1],"tags":[],"class_list":["post-9528","post","type-post","status-publish","format-standard","hentry","category-general"],"_links":{"self":[{"href":"https:\/\/www.biblia.work\/noticias\/wp-json\/wp\/v2\/posts\/9528","targetHints":{"allow":["GET"]}}],"collection":[{"href":"https:\/\/www.biblia.work\/noticias\/wp-json\/wp\/v2\/posts"}],"about":[{"href":"https:\/\/www.biblia.work\/noticias\/wp-json\/wp\/v2\/types\/post"}],"author":[{"embeddable":true,"href":"https:\/\/www.biblia.work\/noticias\/wp-json\/wp\/v2\/users\/1"}],"replies":[{"embeddable":true,"href":"https:\/\/www.biblia.work\/noticias\/wp-json\/wp\/v2\/comments?post=9528"}],"version-history":[{"count":0,"href":"https:\/\/www.biblia.work\/noticias\/wp-json\/wp\/v2\/posts\/9528\/revisions"}],"wp:attachment":[{"href":"https:\/\/www.biblia.work\/noticias\/wp-json\/wp\/v2\/media?parent=9528"}],"wp:term":[{"taxonomy":"category","embeddable":true,"href":"https:\/\/www.biblia.work\/noticias\/wp-json\/wp\/v2\/categories?post=9528"},{"taxonomy":"post_tag","embeddable":true,"href":"https:\/\/www.biblia.work\/noticias\/wp-json\/wp\/v2\/tags?post=9528"}],"curies":[{"name":"wp","href":"https:\/\/api.w.org\/{rel}","templated":true}]}}