{"id":9529,"date":"2016-12-01T12:15:02","date_gmt":"2016-12-01T17:15:02","guid":{"rendered":"http:\/\/www.biblia.work\/noticias\/beata-maria-angela-astorch-2-dicembre\/"},"modified":"2016-12-01T12:15:02","modified_gmt":"2016-12-01T17:15:02","slug":"beata-maria-angela-astorch-2-dicembre","status":"publish","type":"post","link":"https:\/\/www.biblia.work\/noticias\/beata-maria-angela-astorch-2-dicembre\/","title":{"rendered":"Beata Mar\u00eda \u00c1ngela Astorch \u2013 2 dicembre"},"content":{"rendered":"<p style=\"text-align: justify\">&nbsp;<\/p>\n<p style=\"text-align: justify\"><span style=\"font-weight: 400\">(ZENIT &#8211; Madrid).- Esta religiosa capuchina espa\u00f1ola cuya existencia discurri\u00f3 entre Barcelona, Zaragoza y Murcia estuvo agraciada con singulares favores m\u00edsticos. Naci\u00f3 el 1 de septiembre de 1592 en Barcelona, en el seno de una familia adinerada. Creci\u00f3 sin la presencia y tutela de sus virtuosos padres que perdi\u00f3 prematuramente. Su madre muri\u00f3 antes de que ella cumpliera su primer a\u00f1o de vida. Y cuanto ten\u00eda 4, falleci\u00f3 su padre. Arropada por su aya, que la colm\u00f3 de cari\u00f1o, \u00c1ngela (Jer\u00f3nima de nombre de pila) no experiment\u00f3 a\u00f1oranzas por la ternura de sus progenitores que pr\u00e1cticamente no lleg\u00f3 a saborear. <\/span><\/p>\n<p style=\"text-align: justify\"><span style=\"font-weight: 400\">Era una ni\u00f1a alegre y espont\u00e1nea. Llevada de esos descuidos propios de la infancia hacia los 7 a\u00f1os estuvo a punto de morir por haber ingerido almendras verdes. Atribuy\u00f3 su curaci\u00f3n a la Virgen Mar\u00eda y a la intercesi\u00f3n de la Madre \u00c1ngela Serafina, fundadora de las capuchinas. El hecho supuso un punto de inflexi\u00f3n en su vida; marc\u00f3 el l\u00edmite de su infancia y le abri\u00f3 el camino hacia otra etapa de madurez. Es lo que manifest\u00f3 en su <\/span><i><span style=\"font-weight: 400\">Autobiograf\u00eda<\/span><\/i><span style=\"font-weight: 400\">: <\/span><i><span style=\"font-weight: 400\">\u00abMi ni\u00f1ez no fue sino hasta los siete a\u00f1os: de \u00e9stos en adelante fui ya mujer de juicio y no poco advertida, y as\u00ed sufrida, compuesta, callada y verdadera\u00bb<\/span><\/i><span style=\"font-weight: 400\">. Siempre al abrigo de tutores fue form\u00e1ndose humana e intelectualmente. En la adolescencia su prodigiosa memoria comenz\u00f3 a llamar la atenci\u00f3n de los preceptores. Familiarizada con los libros \u2013su padre hab\u00eda estado vinculado al gremio de los libreros y seguramente le habr\u00eda legado una selecta biblioteca\u2013, tuvo en la lectura una de sus aficiones predilectas, y de manera especial, los textos latinos.<\/span><\/p>\n<p style=\"text-align: justify\"><span style=\"font-weight: 400\">Al final del est\u00edo de 1603 ingres\u00f3 en el convento de las capuchinas de Barcelona donde le hab\u00eda precedido su hermana mayor, Isabel, una de las primeras integrantes del mismo que acababa de constituirse como tal en febrero de ese mismo a\u00f1o. All\u00ed se curti\u00f3 en la oraci\u00f3n y la mortificaci\u00f3n, atenta a los rasgos de virtud que apreciaba a su alrededor, bajo la direcci\u00f3n espiritual de un sacerdote aragon\u00e9s que ten\u00eda detr\u00e1s una importante experiencia erem\u00edtica. A su lado comenz\u00f3 a familiarizarse con la oraci\u00f3n y la contemplaci\u00f3n. En su trayectoria espiritual encontr\u00f3 \u00e1speros momentos caracterizados por las humillaciones y maltrato concreto de una religiosa atrapada por sus celos que hubiera querido asemejarse a la beata en su delicadeza, elegancia, cualidades para el canto y su gran formaci\u00f3n, adem\u00e1s de los gestos de virtud que ve\u00eda en ella. <\/span><\/p>\n<p style=\"text-align: justify\"><span style=\"font-weight: 400\">Todo desaire sirvi\u00f3 a \u00c1ngela para crecer en caridad y humildad m\u00e1xime cuando era consciente del antagonismo que exist\u00eda entre ambas, sentimiento que le ocasionaba gran aflicci\u00f3n. En un momento dado, por indicaci\u00f3n de su confesor se vio privada de los textos latinos b\u00edblicos y lit\u00fargicos que llev\u00f3 consigo al convento, a\u00f1adiendo la prohibici\u00f3n de tenerlos como soporte en su d\u00eda a d\u00eda, as\u00ed como de entonar vers\u00edculos fuera del coro cuando realizaba las labores que ten\u00eda encomendadas. Y eso que el breviario era el sustento de su intens\u00edsima y singular vida m\u00edstica: \u00ab<\/span><i><span style=\"font-weight: 400\">Me acontece muchas veces que, cantando los salmos, me comunica su Majestad, por efectos interiores, lo propio que voy cantando, de modo que puedo decir con verdad que canto los efectos interiores de mi esp\u00edritu y no la composici\u00f3n y versos de los salmos\u00bb<\/span><\/i><span style=\"font-weight: 400\">. Como maestra de novicias tampoco se libr\u00f3 del retint\u00edn con que algunas de ellas acog\u00edan sus ense\u00f1anzas. Con oraci\u00f3n y penitencia super\u00f3 todas las tentaciones, incluida la de integrarse en otra Orden donde tuviera libertad para hacer su voluntad: orar y leer textos de espiritualidad. Y creci\u00f3 exponencialmente en su amor a Dios de manera admirable. <\/span><\/p>\n<p style=\"text-align: justify\"><span style=\"font-weight: 400\">En 1614 se traslad\u00f3 a Zaragoza siendo componente de la primera comunidad que se establec\u00eda all\u00ed. Y sigui\u00f3 formando a las religiosas con sabidur\u00eda y virtud. En 1626 fue designada abadesa, y en 1645 puso en marcha la fundaci\u00f3n de Murcia. Desde 1620 percib\u00eda gracias sobrenaturales que no cesaron. Por su sorprendente dominio de la Sagrada Escritura, as\u00ed como de la Patr\u00edstica, fue sometida a examen en Zaragoza por cinco expertos y en Murcia por un de\u00e1n y un can\u00f3nigo impresionados de su capacidad para se\u00f1alar con exactitud los lugares donde se hallaban las citas escriturarias en lengua latina que le plantearon. A lo largo de su vida sabore\u00f3 las numerosas gracias m\u00edsticas que recibi\u00f3 \u2013de las que se sent\u00eda indigna y que no pudo impedir aunque le ordenaron que las evitara\u2013, y se afligi\u00f3 en las \u00abausencias\u00bb divinas. Ha sido denominada \u00abm\u00edstica del breviario\u00bb. <\/span><\/p>\n<p style=\"text-align: justify\"><span style=\"font-weight: 400\">Fue particularmente devota del Sagrado Coraz\u00f3n de Jes\u00fas: <\/span><i><span style=\"font-weight: 400\">\u00abMi incomparable tesoro, toda mi riqueza, \u00fanica esperanza cierta de todo lo que espero, claridad y sosiego de mis dudas, aliento de mis ahogos, centro \u00edntimo de mi alma, propiciatorio de oro de mi esp\u00edritu&#8230;, escuela y c\u00e1tedra donde leo ciencia y finezas de tu inmensa caridad&#8230;\u00bb<\/span><\/i><span style=\"font-weight: 400\">. A \u00c9l se ofrec\u00eda en reparaci\u00f3n de las ofensas que recib\u00eda. Am\u00f3 profundamente a la Iglesia. Tuvo como consigna de vida <\/span><i><span style=\"font-weight: 400\">\u00abcallar y sufrir, y llevar el peso que las cosas de gobierno traen consigo, como sierva de la casa de Dios\u00bb.<\/span><\/i><span style=\"font-weight: 400\"> Siendo abadesa consigui\u00f3 que las religiosas pudieran recibir la comuni\u00f3n diariamente. Actu\u00f3 de forma admirable en la epidemia de 1648 y en la inundaci\u00f3n de 1651 que arras\u00f3 por completo el convento. En 1654 regres\u00f3 junto con el resto de la comunidad, y seis a\u00f1os m\u00e1s tarde comenz\u00f3 su declive f\u00edsico con una merma tal de sus facultades mentales que le llev\u00f3 a renunciar a su cargo; las recuper\u00f3 en noviembre de 1665 tras un ataque de hemiplej\u00eda. Falleci\u00f3 con fama de santidad el 2 de diciembre de ese mismo a\u00f1o. Juan Pablo II la beatific\u00f3 el 23 de mayo de 1982.<\/span><\/p>\n<p><span class=\"et_bloom_bottom_trigger\"><\/span><\/p>\n<p><a href=\"https:\/\/es.zenit.org\/\" target=\"_blank\" rel=\"nofollow\">Fuente: es.zenit.org<\/a><\/p>\n","protected":false},"excerpt":{"rendered":"<p>&nbsp; (ZENIT &#8211; Madrid).- Esta religiosa capuchina espa\u00f1ola cuya existencia discurri\u00f3 entre Barcelona, Zaragoza y Murcia estuvo agraciada con singulares favores m\u00edsticos. Naci\u00f3 el 1 de septiembre de 1592 en Barcelona, en el seno de una familia adinerada. Creci\u00f3 sin la presencia y tutela de sus virtuosos padres que perdi\u00f3 prematuramente. Su madre muri\u00f3 antes &hellip; <a href=\"https:\/\/www.biblia.work\/noticias\/beata-maria-angela-astorch-2-dicembre\/\" class=\"more-link\">Continuar leyendo<span class=\"screen-reader-text\"> \u00abBeata Mar\u00eda \u00c1ngela Astorch \u2013 2 dicembre\u00bb<\/span><\/a><\/p>\n","protected":false},"author":1,"featured_media":0,"comment_status":"open","ping_status":"closed","sticky":false,"template":"","format":"standard","meta":{"footnotes":""},"categories":[1],"tags":[],"class_list":["post-9529","post","type-post","status-publish","format-standard","hentry","category-general"],"_links":{"self":[{"href":"https:\/\/www.biblia.work\/noticias\/wp-json\/wp\/v2\/posts\/9529","targetHints":{"allow":["GET"]}}],"collection":[{"href":"https:\/\/www.biblia.work\/noticias\/wp-json\/wp\/v2\/posts"}],"about":[{"href":"https:\/\/www.biblia.work\/noticias\/wp-json\/wp\/v2\/types\/post"}],"author":[{"embeddable":true,"href":"https:\/\/www.biblia.work\/noticias\/wp-json\/wp\/v2\/users\/1"}],"replies":[{"embeddable":true,"href":"https:\/\/www.biblia.work\/noticias\/wp-json\/wp\/v2\/comments?post=9529"}],"version-history":[{"count":0,"href":"https:\/\/www.biblia.work\/noticias\/wp-json\/wp\/v2\/posts\/9529\/revisions"}],"wp:attachment":[{"href":"https:\/\/www.biblia.work\/noticias\/wp-json\/wp\/v2\/media?parent=9529"}],"wp:term":[{"taxonomy":"category","embeddable":true,"href":"https:\/\/www.biblia.work\/noticias\/wp-json\/wp\/v2\/categories?post=9529"},{"taxonomy":"post_tag","embeddable":true,"href":"https:\/\/www.biblia.work\/noticias\/wp-json\/wp\/v2\/tags?post=9529"}],"curies":[{"name":"wp","href":"https:\/\/api.w.org\/{rel}","templated":true}]}}