{"id":9540,"date":"2016-12-01T19:05:02","date_gmt":"2016-12-02T00:05:02","guid":{"rendered":"http:\/\/www.biblia.work\/noticias\/primera-ministra-britanica-bajo-el-ojo-publico-por-defender-su-fe\/"},"modified":"2016-12-01T19:05:02","modified_gmt":"2016-12-02T00:05:02","slug":"primera-ministra-britanica-bajo-el-ojo-publico-por-defender-su-fe","status":"publish","type":"post","link":"https:\/\/www.biblia.work\/noticias\/primera-ministra-britanica-bajo-el-ojo-publico-por-defender-su-fe\/","title":{"rendered":"Primera ministra brit\u00e1nica bajo el ojo p\u00fablico por defender su fe"},"content":{"rendered":"<p style=\"text-align: justify\">La primera ministra brit\u00e1nica, Theresa May, est\u00e1 siendo criticada por decir que conf\u00eda en su fe en Dios cuando toma decisiones dif\u00edciles. <\/p>\n<p style=\"text-align: justify\">En una de sus entrevistas m\u00e1s candentes desde que asumi\u00f3 el cargo este verano, May dijo a The Sunday Times que su sentido moral del bien y del mal la ayuda a tomar las mejores decisiones para su pa\u00eds. <\/p>\n<p style=\"text-align: justify\"> <strong>\u00bfQu\u00e9 opinas de esta noticia? Ve a <a href=\"http:\/\/www.Facebook.com\/mundocristiano\">www.Facebook.com\/mundocristiano<\/a> y comenta.<\/strong> <\/p>\n<p style=\"text-align: justify\">\u00abHay algo en t\u00e9rminos de fe, soy un miembro practicante de la Iglesia de Inglaterra y as\u00ed sucesivamente, eso est\u00e1 detr\u00e1s de lo que hago\u00bb, dijo May al peri\u00f3dico londinense. <\/p>\n<p style=\"text-align: justify\">May continu\u00f3 diciendo que, \u00abSi sabes que est\u00e1s haciendo lo correcto, tienes la confianza, la energ\u00eda para ir y entregar ese mensaje correcto\u00bb.<\/p>\n<p style=\"text-align: justify\">Pero esos comentarios est\u00e1n provocando la ira en la Sociedad Secular Nacional de Gran Breta\u00f1a, que ha acusado a la primera ministra de \u00ababusar de su posici\u00f3n\u00bb para imponer valores cristianos a otros. <\/p>\n<p style=\"text-align: justify\">Stephen Evans, director de la campa\u00f1a de la Sociedad, dijo que \u00abmuchas personas se apoyan en su fe durante los tiempos dif\u00edciles\u00bb, advirti\u00f3 a la primera ministra que \u00abgobierna en nombre de todos, incluidos los de las minor\u00edas y, por supuesto, la mayor\u00eda de los ciudadanos no religiosos\u00bb.<\/p>\n<p style=\"text-align: justify\">\u00abAunque est\u00e1 bien que Theresa May tenga fe, lo que no debe hacer es abusar de su posici\u00f3n para promover el Cristianismo o imponer sus propios valores religiosos a otros\u00bb, dijo Evans. <\/p>\n<p style=\"text-align: justify\">Sin embargo, los comentarios de Evans tambi\u00e9n han sacado cr\u00edticas de aquellos que acusan a la Sociedad Secular Nacional de imponer su cosmovisi\u00f3n a otros. <\/p>\n<p style=\"text-align: justify\">\u00abMientras que la noci\u00f3n de que el primer ministro no debe \u2018imponer\u2019 sus opiniones sobre otros suena razonable, lo que Stephen Evans no parece darse cuenta es que \u00e9l est\u00e1 tratando de imponer su propia visi\u00f3n en cuanto al lugar de la religi\u00f3n en el discurso p\u00fablico\u00bb, le coment\u00f3 el autor Peter Ould a Breitbart Londres. <\/p>\n<p style=\"text-align: justify\">\u00abLa noci\u00f3n de que el ate\u00edsmo es la posici\u00f3n predeterminada para la religi\u00f3n en la vida pol\u00edtica est\u00e1 obsoleta en una sociedad multicultural que valora el patrimonio espiritual de una diversidad de ciudadanos\u00bb, dijo. <\/p>\n<p style=\"text-align: justify\">Mientras tanto, un nuevo informe del influyente grupo conservador ResPublica insta a los pol\u00edticos brit\u00e1nicos a considerar una nueva cl\u00e1usula de conciencia en la Declaraci\u00f3n de Derechos que proteger\u00eda a los cristianos y a otros grupos religiosos. <\/p>\n<p style=\"text-align: justify\">ResPublica dice que mientras los cristianos y otras personas de fe se enfrentan a un clima de temor y desconfianza, \u00abes necesario hacer m\u00e1s para proteger las libertades de la gente de fe, y la mejor manera de hacerlo es seguir adelante con una Declaraci\u00f3n de Derechos Brit\u00e1nica e incluir la libertad de expresar la creencia religiosa dentro de ella\u00bb.<\/p>\n<p style=\"text-align: justify\">Phillip Blond, director de ResPublica, dijo: \u00abAl negar a la gente el derecho de llevar una cruz o el velo en el trabajo, estamos erosionando el bien que se podr\u00eda lograr. <\/p>\n<p style=\"text-align: justify\">Escuchamos mucho sobre las cosas malas que la gente hace en nombre de la religi\u00f3n, pero todas las religiones realmente tienen un papel que desempe\u00f1ar en unir a las comunidades y detener la divisi\u00f3n\u00bb.<\/p>\n<p style=\"text-align: justify\">El mismo sentimiento fue repetido por el miembro conservador del parlamento David Burrowes. <\/p>\n<p style=\"text-align: justify\">\u00abLa libertad religiosa es un derecho fundamental, pero recientemente hemos visto que est\u00e1 siendo degradada en comparaci\u00f3n con otros derechos humanos\u00bb, advirti\u00f3 Burrowes. <\/p>\n<p style=\"text-align: justify\">Ha habido varios casos de alto perfil en los \u00faltimos a\u00f1os que involucran a los cristianos y su derecho a practicar su fe en la plaza p\u00fablica. <\/p>\n<p style=\"text-align: justify\">\u00abLa libertad religiosa es un derecho humano universal que es fundamental para una buena sociedad y no debe ser rechazado ni marginado\u00bb, dijo Burrowes. <\/p>\n<p style=\"text-align: justify\">Theresa May, hija de un vicario, le dijo a The Sunday Times que su educaci\u00f3n le dio una perspectiva \u00fanica. <\/p>\n<p style=\"text-align: justify\">\u00abAl ser educado en una vicar\u00eda, por supuesto la ventaja es que usted ve gente de todos los \u00e1mbitos de la vida\u00bb, dijo May durante la entrevista. <\/p>\n<p style=\"text-align: justify\">\u00abY particularmente en las aldeas se ven personas de todo tipo de antecedentes y todo tipo de condiciones, en t\u00e9rminos de desventaja y ventaja\u00bb, a\u00f1adi\u00f3. \u00abLo que vino de mi crianza fue un sentido de servicio\u00bb.<\/p>\n<p style=\"text-align: justify\"><em>Fuente: <strong>www.MundoCristiano.tv <\/strong><\/em><\/p>\n","protected":false},"excerpt":{"rendered":"<p>La primera ministra brit\u00e1nica, Theresa May, est\u00e1 siendo criticada por decir que conf\u00eda en su fe en Dios cuando toma decisiones dif\u00edciles. En una de sus entrevistas m\u00e1s candentes desde que asumi\u00f3 el cargo este verano, May dijo a The Sunday Times que su sentido moral del bien y del mal la ayuda a tomar &hellip; <a href=\"https:\/\/www.biblia.work\/noticias\/primera-ministra-britanica-bajo-el-ojo-publico-por-defender-su-fe\/\" class=\"more-link\">Continuar leyendo<span class=\"screen-reader-text\"> \u00abPrimera ministra brit\u00e1nica bajo el ojo p\u00fablico por defender su fe\u00bb<\/span><\/a><\/p>\n","protected":false},"author":1,"featured_media":0,"comment_status":"open","ping_status":"closed","sticky":false,"template":"","format":"standard","meta":{"footnotes":""},"categories":[1],"tags":[],"class_list":["post-9540","post","type-post","status-publish","format-standard","hentry","category-general"],"_links":{"self":[{"href":"https:\/\/www.biblia.work\/noticias\/wp-json\/wp\/v2\/posts\/9540","targetHints":{"allow":["GET"]}}],"collection":[{"href":"https:\/\/www.biblia.work\/noticias\/wp-json\/wp\/v2\/posts"}],"about":[{"href":"https:\/\/www.biblia.work\/noticias\/wp-json\/wp\/v2\/types\/post"}],"author":[{"embeddable":true,"href":"https:\/\/www.biblia.work\/noticias\/wp-json\/wp\/v2\/users\/1"}],"replies":[{"embeddable":true,"href":"https:\/\/www.biblia.work\/noticias\/wp-json\/wp\/v2\/comments?post=9540"}],"version-history":[{"count":0,"href":"https:\/\/www.biblia.work\/noticias\/wp-json\/wp\/v2\/posts\/9540\/revisions"}],"wp:attachment":[{"href":"https:\/\/www.biblia.work\/noticias\/wp-json\/wp\/v2\/media?parent=9540"}],"wp:term":[{"taxonomy":"category","embeddable":true,"href":"https:\/\/www.biblia.work\/noticias\/wp-json\/wp\/v2\/categories?post=9540"},{"taxonomy":"post_tag","embeddable":true,"href":"https:\/\/www.biblia.work\/noticias\/wp-json\/wp\/v2\/tags?post=9540"}],"curies":[{"name":"wp","href":"https:\/\/api.w.org\/{rel}","templated":true}]}}