{"id":9545,"date":"2016-12-02T03:15:03","date_gmt":"2016-12-02T08:15:03","guid":{"rendered":"http:\/\/www.biblia.work\/noticias\/el-papa-envia-su-bendicion-al-pueblo-de-guatemala\/"},"modified":"2016-12-02T03:15:03","modified_gmt":"2016-12-02T08:15:03","slug":"el-papa-envia-su-bendicion-al-pueblo-de-guatemala","status":"publish","type":"post","link":"https:\/\/www.biblia.work\/noticias\/el-papa-envia-su-bendicion-al-pueblo-de-guatemala\/","title":{"rendered":"El Papa env\u00eda su bendici\u00f3n al pueblo de Guatemala"},"content":{"rendered":"<p style=\"text-align: justify\">(ZENIT &#8211; Roma).- El santo padre Francisco envi\u00f3 este jueves su bendici\u00f3n al pueblo guatemalteco. Lo indic\u00f3 el nuevo embajador de Guatemala ante la Santa Sede, Alfredo V\u00e1squez Rivera, despu\u00e9s de <span style=\"color: #3366ff\"><a style=\"color: #3366ff\" href=\"https:\/\/es.zenit.org\/articles\/el-embajador-de-guatemala-presenta-sus-credenciales-ante-la-santa-sede\/\">presentar las Cartas Credenciales<\/a><\/span> al santo padre Francisco, en una entrevista que concedi\u00f3 a ZENIT.<\/p>\n<p style=\"text-align: justify\">El embajador subray\u00f3 la alegr\u00eda que caracteriz\u00f3 el encuentro y asegur\u00f3 que fue una de las experiencias m\u00e1s emocionantes de su carrera diplom\u00e1tica. Y precis\u00f3: \u201cFue un encuentro muy alegre, lo hab\u00eda saludado informalmente cuando realiz\u00f3\u00a0su viaje apost\u00f3lico a\u00a0Israel en donde fui embajador y hoy por lo tanto fue un reencuentro con \u00e9l, una experiencia muy muy positiva\u201d.<\/p>\n<p style=\"text-align: justify\">Hablaron de \u201ctemas generales de Am\u00e9rica Latina y sobre mi pa\u00eds, ya que el Papa conoce muy bien nuestra regi\u00f3n y Am\u00e9rica Latina\u201d.<\/p>\n<p style=\"text-align: justify\">Un\u00a0tema en el que ha mostrado gran sensibilidad, asegur\u00f3 el diplom\u00e1tico es el de los inmigrantes. Explic\u00f3 que hay unos dos millones de guatemaltecos\u00a0en Estados Unidos, &#8220;muchos de ellos en proceso de legalizaci\u00f3n y entre ellos tambi\u00e9n hay menores no acompa\u00f1ados\u201d.\u00a0Precis\u00f3 que \u201cpor tener\u00a0frontera con M\u00e9xico somos un estado tap\u00f3n de Am\u00e9rica Latina y los migrantes pasan por nuestro territorio intentando llegar a M\u00e9xico y Estados Unidos&#8221;.<\/p>\n<p style=\"text-align: justify\">Se\u00f1al\u00f3 tambi\u00e9n que \u201cla Iglesia ha sido un basti\u00f3n importante para nuestra agenda migratoria\u201d y que \u201cuna semana atr\u00e1s nuestro ministro de Exteriores tuvo una reuni\u00f3n con un grupo de arzobispos de Centroam\u00e9rica en Guatemala y convers\u00f3 con ellos sobre la problem\u00e1tica migratoria y de la la necesidad de darles protecci\u00f3n\u201d. Asegur\u00f3 adem\u00e1s que &#8220;la Iglesia en Estados Unidos es un brazo fundamental de apoyo para los migrantes guatemaltecos&#8221;.<\/p>\n<p style=\"text-align: justify\">Interrogado sobre las relaciones Iglesia-Estado en su pa\u00eds, el nuevo jefe diplom\u00e1tico de Guatemala ante la Santa Sede las calific\u00f3 como \u201cexcelentes\u201d y adem\u00e1s a\u00f1adi\u00f3 que \u201cel nuncio tiene un importante representaci\u00f3n\u201d.<\/p>\n<p style=\"text-align: justify\">Otro tema de conversaci\u00f3n fue la ecolog\u00eda y la defensa de la vida: \u201cEl Santo Padre tiene una visi\u00f3n muy integral sobre la creaci\u00f3n, con la persona humana en el centro y todo su entorno del medio ambiente, y mi pa\u00eds necesita apostarle al tema del medio ambiente\u201d dijo.<\/p>\n<p style=\"text-align: justify\">Se\u00f1al\u00f3 adem\u00e1s otra coincidencia importante:\u00a0\u201cMi pa\u00eds apoya el desarrollo de la vida desde la concepci\u00f3n hasta la muerte natural\u201d. Se\u00f1al\u00f3 adem\u00e1s que la\u00a0actual legislaci\u00f3n de Guatemala &#8220;es muy clara y no contempla ni eutanasia ni aborto, los cuales est\u00e1n penalizados. Estamos claros en esta posici\u00f3n\u201d.<\/p>\n<p style=\"text-align: justify\">Concluy\u00f3 indicando que \u201cel Papa me regal\u00f3 tres libros y en uno de los cuales me puso su aut\u00f3grafo. Es un papa que entiende nuestros problemas y todo lo que hab\u00eda le\u00eddo sobre \u00e9l se queda corto. Esta ha sido\u00a0la experiencia m\u00e1s emocionante de mi carrera diplom\u00e1tica&#8221;.<\/p>\n<p><span class=\"et_bloom_bottom_trigger\"><\/span><\/p>\n<p><a href=\"https:\/\/es.zenit.org\/\" target=\"_blank\" rel=\"nofollow\">Fuente: es.zenit.org<\/a><\/p>\n","protected":false},"excerpt":{"rendered":"<p>(ZENIT &#8211; Roma).- El santo padre Francisco envi\u00f3 este jueves su bendici\u00f3n al pueblo guatemalteco. Lo indic\u00f3 el nuevo embajador de Guatemala ante la Santa Sede, Alfredo V\u00e1squez Rivera, despu\u00e9s de presentar las Cartas Credenciales al santo padre Francisco, en una entrevista que concedi\u00f3 a ZENIT. El embajador subray\u00f3 la alegr\u00eda que caracteriz\u00f3 el encuentro &hellip; <a href=\"https:\/\/www.biblia.work\/noticias\/el-papa-envia-su-bendicion-al-pueblo-de-guatemala\/\" class=\"more-link\">Continuar leyendo<span class=\"screen-reader-text\"> \u00abEl Papa env\u00eda su bendici\u00f3n al pueblo de Guatemala\u00bb<\/span><\/a><\/p>\n","protected":false},"author":1,"featured_media":0,"comment_status":"open","ping_status":"closed","sticky":false,"template":"","format":"standard","meta":{"footnotes":""},"categories":[1],"tags":[],"class_list":["post-9545","post","type-post","status-publish","format-standard","hentry","category-general"],"_links":{"self":[{"href":"https:\/\/www.biblia.work\/noticias\/wp-json\/wp\/v2\/posts\/9545","targetHints":{"allow":["GET"]}}],"collection":[{"href":"https:\/\/www.biblia.work\/noticias\/wp-json\/wp\/v2\/posts"}],"about":[{"href":"https:\/\/www.biblia.work\/noticias\/wp-json\/wp\/v2\/types\/post"}],"author":[{"embeddable":true,"href":"https:\/\/www.biblia.work\/noticias\/wp-json\/wp\/v2\/users\/1"}],"replies":[{"embeddable":true,"href":"https:\/\/www.biblia.work\/noticias\/wp-json\/wp\/v2\/comments?post=9545"}],"version-history":[{"count":0,"href":"https:\/\/www.biblia.work\/noticias\/wp-json\/wp\/v2\/posts\/9545\/revisions"}],"wp:attachment":[{"href":"https:\/\/www.biblia.work\/noticias\/wp-json\/wp\/v2\/media?parent=9545"}],"wp:term":[{"taxonomy":"category","embeddable":true,"href":"https:\/\/www.biblia.work\/noticias\/wp-json\/wp\/v2\/categories?post=9545"},{"taxonomy":"post_tag","embeddable":true,"href":"https:\/\/www.biblia.work\/noticias\/wp-json\/wp\/v2\/tags?post=9545"}],"curies":[{"name":"wp","href":"https:\/\/api.w.org\/{rel}","templated":true}]}}