{"id":9551,"date":"2016-12-02T07:15:02","date_gmt":"2016-12-02T12:15:02","guid":{"rendered":"http:\/\/www.biblia.work\/noticias\/el-papa-se-reune-con-el-presidente-de-uruguay-durante-40-minutos\/"},"modified":"2016-12-02T07:15:02","modified_gmt":"2016-12-02T12:15:02","slug":"el-papa-se-reune-con-el-presidente-de-uruguay-durante-40-minutos","status":"publish","type":"post","link":"https:\/\/www.biblia.work\/noticias\/el-papa-se-reune-con-el-presidente-de-uruguay-durante-40-minutos\/","title":{"rendered":"El Papa se re\u00fane con el presidente de Uruguay durante 40 minutos"},"content":{"rendered":"<p style=\"text-align: justify\">(ZENIT &#8211; Ciudad del Vaticano).- El papa Francisco recibi\u00f3 este viernes al presidente de Uruguay, Tabar\u00e9 Ram\u00f3n V\u00e1zquez, en el\u00a0Palacio Apost\u00f3lico del Vaticano, en una audiencia que dur\u00f3 en total de 41 minutos incluida la parte privada que se realiza a puerta cerrada. All\u00ed, claramente, no tuvieron necesidad de int\u00e9rprete.<\/p>\n<p style=\"text-align: justify\">\u201c\u00a1Cu\u00e1nto tiempo que pas\u00f3, es un gusto!\u201d, fueron las primeras palabras del Pont\u00edfice al darle un apret\u00f3n de manos al presidente que se encuentra en su segundo mandato. En Uruguay no existe la reelecci\u00f3n consecutiva. Tavar\u00e9 fue presidente del a\u00f1o 2005 al 2010 cuando entreg\u00f3 el mando al presidente Jos\u00e9 Mujica y fue reelecto en el 2015 para su mandato de cinco a\u00f1os.<\/p>\n<p style=\"text-align: justify\">El m\u00e9dico uruguayo estaba acompa\u00f1ado por su esposa Mar\u00eda Auxiliadora Delgado, conocida por su empe\u00f1o social con la Iglesia, a quien conoci\u00f3 en su barrio popular de La Teja durante una kermesse de los Salesianos. \u00a0Estaba tambi\u00e9n su hijo \u00c1lvaro, m\u00e9dico y te\u00f3logo; el embajador ante la Santa Sede, Francisco Ottonelli y dos secretarios personales.<\/p>\n<p style=\"text-align: justify\">El embajador uruguayo ante el Vaticano, Francisco Jos\u00e9 Ottonelli, sostuvo ayer que el presidente manifestar\u00eda\u00a0al Papa\u00a0su deseo de que\u00a0se abran\u00a0los archivos vaticanos para investigar los delitos de la dictadura en Uruguay, en particular los datos sobre detenidos o desaparecidos entre 1973 y 1985, de acuerdo a cuanto ha sido publicado en la web de Presidencia, iniciativa\u00a0que contar\u00eda\u00a0con el\u00a0consentimiento de los obispos locales.<\/p>\n<p style=\"text-align: justify\">En el intercambio de dones, el Santo Padre le regal\u00f3 los documentos pontificios\u00a0<em>Evangelii Gaudium<\/em>; <em>Amore Laetitia<\/em>; y\u00a0<em>Laudato Si&#8217;<\/em>, adem\u00e1s de un medall\u00f3n realizado\u00a0por un artista italiano que habla del desierto que florece. Por su parte el presidente de Uruguay le regal\u00f3 una geoda de\u00a0amatista, piedra t\u00edpica que se encuentran en\u00a0el pa\u00eds platense, dentro de la cual hay cristales de dicha piedra semipreciosa.<\/p>\n<p style=\"text-align: justify\">El mandatario latinoamericano, que adem\u00e1s es m\u00e9dico onc\u00f3logo, est\u00e1 realizando una gira que inici\u00f3 en Espa\u00f1a en busca de inversiones para un plan de infraestructuras que comprende ferrocarriles y puertos; sigui\u00f3 en Par\u00eds en donde expuso la experiencia uruguaya de descentralizaci\u00f3n de Gobierno, y despu\u00e9s de su escala en Italia para encontrar al papa Francisco, concluir\u00e1 en Viena para disertar sobre oncolog\u00eda.<\/p>\n<p style=\"text-align: justify\">Leer tambi\u00e9n:\u00a0<span style=\"color: #3366ff\"><a style=\"color: #3366ff\" href=\"https:\/\/es.zenit.org\/articles\/uruguay-optimas-relaciones-con-la-iglesia-hacia-un-sano-laicismo\/\">Uruguay: \u00f3ptimas relaciones con la Iglesia, caminando hacia un sano laicismo<\/a><\/span><\/p>\n<p><span class=\"et_bloom_bottom_trigger\"><\/span><\/p>\n<p><a href=\"https:\/\/es.zenit.org\/\" target=\"_blank\" rel=\"nofollow\">Fuente: es.zenit.org<\/a><\/p>\n","protected":false},"excerpt":{"rendered":"<p>(ZENIT &#8211; Ciudad del Vaticano).- El papa Francisco recibi\u00f3 este viernes al presidente de Uruguay, Tabar\u00e9 Ram\u00f3n V\u00e1zquez, en el\u00a0Palacio Apost\u00f3lico del Vaticano, en una audiencia que dur\u00f3 en total de 41 minutos incluida la parte privada que se realiza a puerta cerrada. All\u00ed, claramente, no tuvieron necesidad de int\u00e9rprete. \u201c\u00a1Cu\u00e1nto tiempo que pas\u00f3, es &hellip; <a href=\"https:\/\/www.biblia.work\/noticias\/el-papa-se-reune-con-el-presidente-de-uruguay-durante-40-minutos\/\" class=\"more-link\">Continuar leyendo<span class=\"screen-reader-text\"> \u00abEl Papa se re\u00fane con el presidente de Uruguay durante 40 minutos\u00bb<\/span><\/a><\/p>\n","protected":false},"author":1,"featured_media":0,"comment_status":"open","ping_status":"closed","sticky":false,"template":"","format":"standard","meta":{"footnotes":""},"categories":[1],"tags":[],"class_list":["post-9551","post","type-post","status-publish","format-standard","hentry","category-general"],"_links":{"self":[{"href":"https:\/\/www.biblia.work\/noticias\/wp-json\/wp\/v2\/posts\/9551","targetHints":{"allow":["GET"]}}],"collection":[{"href":"https:\/\/www.biblia.work\/noticias\/wp-json\/wp\/v2\/posts"}],"about":[{"href":"https:\/\/www.biblia.work\/noticias\/wp-json\/wp\/v2\/types\/post"}],"author":[{"embeddable":true,"href":"https:\/\/www.biblia.work\/noticias\/wp-json\/wp\/v2\/users\/1"}],"replies":[{"embeddable":true,"href":"https:\/\/www.biblia.work\/noticias\/wp-json\/wp\/v2\/comments?post=9551"}],"version-history":[{"count":0,"href":"https:\/\/www.biblia.work\/noticias\/wp-json\/wp\/v2\/posts\/9551\/revisions"}],"wp:attachment":[{"href":"https:\/\/www.biblia.work\/noticias\/wp-json\/wp\/v2\/media?parent=9551"}],"wp:term":[{"taxonomy":"category","embeddable":true,"href":"https:\/\/www.biblia.work\/noticias\/wp-json\/wp\/v2\/categories?post=9551"},{"taxonomy":"post_tag","embeddable":true,"href":"https:\/\/www.biblia.work\/noticias\/wp-json\/wp\/v2\/tags?post=9551"}],"curies":[{"name":"wp","href":"https:\/\/api.w.org\/{rel}","templated":true}]}}