{"id":9556,"date":"2016-12-02T10:15:03","date_gmt":"2016-12-02T15:15:03","guid":{"rendered":"http:\/\/www.biblia.work\/noticias\/francisco-aprueba-decretos-de-la-congregacion-para-las-causas-de-los-santos\/"},"modified":"2016-12-02T10:15:03","modified_gmt":"2016-12-02T15:15:03","slug":"francisco-aprueba-decretos-de-la-congregacion-para-las-causas-de-los-santos","status":"publish","type":"post","link":"https:\/\/www.biblia.work\/noticias\/francisco-aprueba-decretos-de-la-congregacion-para-las-causas-de-los-santos\/","title":{"rendered":"Francisco aprueba decretos de la Congregaci\u00f3n para las Causas de los Santos"},"content":{"rendered":"<p style=\"text-align: justify\">(ZENIT &#8211; Ciudad del Vaticano).-\u00a0<span style=\"font-weight: 400\">El papa Francisco ha autorizado &#8211;durante una reuni\u00f3n con el cardenal Angelo Amato, prefecto de la Congregaci\u00f3n para las Causas de los Santos&#8211; la promulgaci\u00f3n de varios decretos. <\/span><\/p>\n<p style=\"text-align: justify\"><span style=\"font-weight: 400\">Entre ellos se encuentran el martirio de los Siervos de Dios Vicente Queralt Lloret, sacerdote profeso de la Congregaci\u00f3n de la Misi\u00f3n, y 20 compa\u00f1eros, entre los cuales seis sacerdotes profesos de la misma Congregaci\u00f3n, cinco sacerdotes diocesanos, dos Religiosas Hijas de la Caridad y siete Laicos de la Asociaci\u00f3n Hijos de Mar\u00eda de la Medalla Milagrosa, asesinados por odio a la fe durante la guerra civil en Espa\u00f1a entre 1936 y 1937. Al ser reconocido el martirio, todos ellos ser\u00e1n beatificados.\u00a0<\/span><\/p>\n<p style=\"text-align: justify\"><span style=\"font-weight: 400\">Asimismo, ha reconocido las virtudes heroicas del Siervo de Dios Jos\u00e9 Bau Burguet, sacerdote diocesano, p\u00e1rroco en Masarrochos (Espa\u00f1a), nacido el 20 de abril de 1867 y fallecido el 22 de noviembre de 1932. Tambi\u00e9n l<\/span><span style=\"font-weight: 400\">as virtudes heroicas de la Sierva de Dios Luz Rodr\u00edguez-Casanova y Garc\u00eda San Miguel, espa\u00f1ola fundadora de la Congregaci\u00f3n de las Damas Apost\u00f3licas del Sagrado Coraz\u00f3n; nacida el 28 de agosto de 1873 y fallecida el 8 de enero de 1949.\u00a0Este reconocimiento supone pasar a ser venerables.\u00a0<\/span><\/p>\n<p style=\"text-align: justify\"><span style=\"font-weight: 400\">Adem\u00e1s, el Santo Padre ha aprobado el decreto del milagro atribuido a la intercesi\u00f3n del Venerable Siervo de Dios Giovanni Schiavo, sacerdote italiano profeso de la Congregaci\u00f3n de San Jos\u00e9, nacido el 8 de julio de 1903 y fallecido el 27 de enero de 1967. <\/span><\/p>\n<p style=\"text-align: justify\"><span style=\"font-weight: 400\">El martirio del Siervo de Dios Te\u00f3filo Matulionis, arzobispo \u2013 obispo de Kai\u0161iadorys (Lituania); nacido el 22 de junio de 1873 y asesinado por odio a la fe el \u00a020 agosto de 1962. <\/span><\/p>\n<p style=\"text-align: justify\"><span style=\"font-weight: 400\">El martirio del Siervo de Dios Stanley Francesco Rother, sacerdote estadounidense diocesano y misionero en Guatemala; nacido el 27 marzo de 1935 y asesinado por odio a la fe el 28 de julio de 1981. <\/span><\/p>\n<p style=\"text-align: justify\"><span style=\"font-weight: 400\">Las virtudes heroicas del Siervo de Dios Guglielmo Massaja, italiano de la Orden de los Frailes Menores Capuchinos, Cardenal de la Santa Romana Iglesia, nacido el 8 de junio de 1809 y fallecido el 6 de agosto de 1889. <\/span><\/p>\n<p style=\"text-align: justify\"><span style=\"font-weight: 400\">Las virtudes heroicas del Siervo de Dios Nunzio Russo, sacerdote diocesano italiano, fundador de la Congregaci\u00f3n de las Hijas de la Cruz; nacido el 30 de octubre de 1841 y fallecido el 22 de noviembre de 1906. <\/span><\/p>\n<p style=\"text-align: justify\"><span style=\"font-weight: 400\">Las virtudes heroicas del Siervo de Dios Mario Ciceri, sacerdote diocesano italiano; nacido el 8 de setiembre de 1900 y fallecido el 4 de abril de 1945.<\/span><\/p>\n<p style=\"text-align: justify\"><span style=\"font-weight: 400\">Las virtudes heroicas de la Sierva de Dios Maria Giuseppa Aubert (en el siglo: Susanna), Fundadora del Instituto de las Hijas de Nuestra Se\u00f1ora de la Compasi\u00f3n; nacida el 19 de junio de 1835 y fallecida el 1 de octubre de 1926. <\/span><\/p>\n<p style=\"text-align: justify\"><span style=\"font-weight: 400\">Las virtudes heroicas de la Sierva de Dios Caterina Aurelia de la Precios\u00edsima Sangre, (en el siglo: Aurelia Caouette), canadiense, fundadora de la Congregaci\u00f3n de las Hermanas Adoratrices de la Precios\u00edsima Sangre de Nuestro Se\u00f1or Jesucristo de la Uni\u00f3n de Saint-Hyacinthe; nacida el 11 de julio de 1833 y fallecida el 6 de julio de 1905. <\/span><\/p>\n<p style=\"text-align: justify\"><span style=\"font-weight: 400\">Las virtudes heroicas de la Sierva de Dios Leonia Maria Nasta\u0142, monja polaca profesa de la Congregaci\u00f3n de las Peque\u00f1as Esclavas de la Bienaventurada Virgen Mar\u00eda Inmaculada; nacida el 8 de noviembre de 1903 y fallecida el 10 de enero de 1940.<\/span><\/p>\n<p><span class=\"et_bloom_bottom_trigger\"><\/span><\/p>\n<p><a href=\"https:\/\/es.zenit.org\/\" target=\"_blank\" rel=\"nofollow\">Fuente: es.zenit.org<\/a><\/p>\n","protected":false},"excerpt":{"rendered":"<p>(ZENIT &#8211; Ciudad del Vaticano).-\u00a0El papa Francisco ha autorizado &#8211;durante una reuni\u00f3n con el cardenal Angelo Amato, prefecto de la Congregaci\u00f3n para las Causas de los Santos&#8211; la promulgaci\u00f3n de varios decretos. Entre ellos se encuentran el martirio de los Siervos de Dios Vicente Queralt Lloret, sacerdote profeso de la Congregaci\u00f3n de la Misi\u00f3n, y &hellip; <a href=\"https:\/\/www.biblia.work\/noticias\/francisco-aprueba-decretos-de-la-congregacion-para-las-causas-de-los-santos\/\" class=\"more-link\">Continuar leyendo<span class=\"screen-reader-text\"> \u00abFrancisco aprueba decretos de la Congregaci\u00f3n para las Causas de los Santos\u00bb<\/span><\/a><\/p>\n","protected":false},"author":1,"featured_media":0,"comment_status":"open","ping_status":"closed","sticky":false,"template":"","format":"standard","meta":{"footnotes":""},"categories":[1],"tags":[],"class_list":["post-9556","post","type-post","status-publish","format-standard","hentry","category-general"],"_links":{"self":[{"href":"https:\/\/www.biblia.work\/noticias\/wp-json\/wp\/v2\/posts\/9556","targetHints":{"allow":["GET"]}}],"collection":[{"href":"https:\/\/www.biblia.work\/noticias\/wp-json\/wp\/v2\/posts"}],"about":[{"href":"https:\/\/www.biblia.work\/noticias\/wp-json\/wp\/v2\/types\/post"}],"author":[{"embeddable":true,"href":"https:\/\/www.biblia.work\/noticias\/wp-json\/wp\/v2\/users\/1"}],"replies":[{"embeddable":true,"href":"https:\/\/www.biblia.work\/noticias\/wp-json\/wp\/v2\/comments?post=9556"}],"version-history":[{"count":0,"href":"https:\/\/www.biblia.work\/noticias\/wp-json\/wp\/v2\/posts\/9556\/revisions"}],"wp:attachment":[{"href":"https:\/\/www.biblia.work\/noticias\/wp-json\/wp\/v2\/media?parent=9556"}],"wp:term":[{"taxonomy":"category","embeddable":true,"href":"https:\/\/www.biblia.work\/noticias\/wp-json\/wp\/v2\/categories?post=9556"},{"taxonomy":"post_tag","embeddable":true,"href":"https:\/\/www.biblia.work\/noticias\/wp-json\/wp\/v2\/tags?post=9556"}],"curies":[{"name":"wp","href":"https:\/\/api.w.org\/{rel}","templated":true}]}}