{"id":9558,"date":"2016-12-02T11:15:02","date_gmt":"2016-12-02T16:15:02","guid":{"rendered":"http:\/\/www.biblia.work\/noticias\/gran-rabinato-de-israel-y-santa-sede-no-a-la-violencia-en-nombre-de-dio\/"},"modified":"2016-12-02T11:15:02","modified_gmt":"2016-12-02T16:15:02","slug":"gran-rabinato-de-israel-y-santa-sede-no-a-la-violencia-en-nombre-de-dio","status":"publish","type":"post","link":"https:\/\/www.biblia.work\/noticias\/gran-rabinato-de-israel-y-santa-sede-no-a-la-violencia-en-nombre-de-dio\/","title":{"rendered":"Gran Rabinato de Israel y Santa Sede: No a la violencia en nombre de Dio"},"content":{"rendered":"<p style=\"text-align: justify\">(ZENIT &#8211; Roma).-\u00a0<span style=\"font-weight: 400\">La XIV Reuni\u00f3n de la Comisi\u00f3n bilateral de las delegaciones del Gran Rabinato de Israel y de la Comisi\u00f3n de la Santa Sede para las relaciones religiosas con el juda\u00edsmo, concluy\u00f3 este mi\u00e9rcoles, 30 de noviembre, en Roma. <\/span><\/p>\n<p style=\"text-align: justify\"><span style=\"font-weight: 400\">El tema ha sido \u201cPromover la paz en el contexto de la violencia en nombre de la religi\u00f3n\u201d. Al finalizar el encuentro se firm\u00f3 una declaraci\u00f3n conjunta de los presidentes de las dos delegaciones, el rabino Rasson Arussi y el cardenal Peter Kodwo Appiah Turkson, junto a otros miembros de la Comisi\u00f3n. <\/span><\/p>\n<p style=\"text-align: justify\"><span style=\"font-weight: 400\">Durante los trabajos &#8212; se lee en el texto&#8211; se han reconocido los tr\u00e1gicos pecados del pasado perpetrados en nombre de la religi\u00f3n y el terrible abuso blasfemo de la religi\u00f3n, que desacraliza la vida humana, negando la libertad y la diversidad humana, y poniendo desaf\u00edos cr\u00edticos a nuestras respectivas tradiciones. <\/span><\/p>\n<p style=\"text-align: justify\"><span style=\"font-weight: 400\">La presentaci\u00f3n cat\u00f3lica ha estudiado la cuesti\u00f3n si y en qu\u00e9 medida las religiones pueden desarrollar un rol en la soluci\u00f3n de los conflictos y en la construcci\u00f3n de un nuevo orden internacional fundado en la paz, en la justicia y en el cuidado de la Creaci\u00f3n. <\/span><\/p>\n<p style=\"text-align: justify\"><span style=\"font-weight: 400\">\u201cNuestras religiones, afirmando la santidad divina de la vida humana, exigen el respeto de la vida de la identidad de cada persona. Esto debe ser garantizado a refugiados y migrantes, tambi\u00e9n acogi\u00e9ndoles de forma que sean promovidos los derechos y la libertad de todos\u201d, afirma la delegaci\u00f3n vaticana. <\/span><\/p>\n<p style=\"text-align: justify\"><span style=\"font-weight: 400\">Por su parte, la presentaci\u00f3n jud\u00eda ha revisado los distintos factores que conducen a la agresi\u00f3n, a la violencia y a la guerra, tratando de definir los criterios de valores que en particular en las tradiciones abrah\u00e1micas consienten oponerse a estos, en particular el valor de la santidad de la persona humana, el principio de la libre voluntad, y la estima de las diversidades como reflejo de la Divina Presencia y voluntad. <\/span><\/p>\n<p style=\"text-align: justify\"><span style=\"font-weight: 400\">Bajo este aspecto dignas de menci\u00f3n han sido las palabras del cardenal Augustin Bea en su comentario a <\/span><i><span style=\"font-weight: 400\">Nostra aetate<\/span><\/i><span style=\"font-weight: 400\">, donde afirmaba que el concepto de Paternidad Divina implica que todos los seres humanos son iguales en dignidad. Adem\u00e1s, las autoridades religiosas deben ejercitar humildad teol\u00f3gica en el proponer y en el interpretar las propias respectivas tradiciones, de tal forma que se eviten prop\u00f3sitos de violencia contra otros. <\/span><\/p>\n<p style=\"text-align: justify\"><span style=\"font-weight: 400\">los miembros de la Comisi\u00f3n han tomado en consideraci\u00f3n y escuchado con satisfacci\u00f3n las iniciativas expl\u00edcitamente dirigidas al rechazo de los abusos violentos de la religi\u00f3n, en particular el reciente encuentro en Marrakesch, que ha publicado una hist\u00f3rica declaraci\u00f3n de protecci\u00f3n de la dignidad humana y de la diversidad en las tierras musulmanas. <\/span><\/p>\n<p style=\"text-align: justify\"><span style=\"font-weight: 400\">En la declaraci\u00f3n se lee: \u201cDespu\u00e9s de m\u00e1s de medio siglo de reconciliaci\u00f3n judeo-cat\u00f3lica y de di\u00e1logo fruct\u00edfero, jud\u00edos y cristianos est\u00e1n llamados a trabajar juntos para contribuir y crear paz para toda la familia humana\u201d. Por lo tanto, los participantes han \u201csubrayado la importancia de educar a las nuevas generaciones y a promover paz y respeto rec\u00edproco\u201d. <\/span><\/p>\n<p style=\"text-align: justify\"><span style=\"font-weight: 400\">En la discusi\u00f3n de argumentos de actualidad, ha sido afirmado el principio del respeto universal por los lugares santos de cada religi\u00f3n, poniendo atenci\u00f3n en los intentos de negar la uni\u00f3n hist\u00f3rica del pueblo hebreo al propio lugar m\u00e1s santo. En referencia a la reciente resoluci\u00f3n de la UNESCO, la Comisi\u00f3n bilateral ha tomado posici\u00f3n con fuerza contra la negociaci\u00f3n pol\u00edtica y pol\u00e9mica de la historia b\u00edblica, exhortando a todas las naciones a respetar tal uni\u00f3n hist\u00f3rica y religiosa.<\/span><\/p>\n<p><span class=\"et_bloom_bottom_trigger\"><\/span><\/p>\n<p><a href=\"https:\/\/es.zenit.org\/\" target=\"_blank\" rel=\"nofollow\">Fuente: es.zenit.org<\/a><\/p>\n","protected":false},"excerpt":{"rendered":"<p>(ZENIT &#8211; Roma).-\u00a0La XIV Reuni\u00f3n de la Comisi\u00f3n bilateral de las delegaciones del Gran Rabinato de Israel y de la Comisi\u00f3n de la Santa Sede para las relaciones religiosas con el juda\u00edsmo, concluy\u00f3 este mi\u00e9rcoles, 30 de noviembre, en Roma. El tema ha sido \u201cPromover la paz en el contexto de la violencia en nombre &hellip; <a href=\"https:\/\/www.biblia.work\/noticias\/gran-rabinato-de-israel-y-santa-sede-no-a-la-violencia-en-nombre-de-dio\/\" class=\"more-link\">Continuar leyendo<span class=\"screen-reader-text\"> \u00abGran Rabinato de Israel y Santa Sede: No a la violencia en nombre de Dio\u00bb<\/span><\/a><\/p>\n","protected":false},"author":1,"featured_media":0,"comment_status":"open","ping_status":"closed","sticky":false,"template":"","format":"standard","meta":{"footnotes":""},"categories":[1],"tags":[],"class_list":["post-9558","post","type-post","status-publish","format-standard","hentry","category-general"],"_links":{"self":[{"href":"https:\/\/www.biblia.work\/noticias\/wp-json\/wp\/v2\/posts\/9558","targetHints":{"allow":["GET"]}}],"collection":[{"href":"https:\/\/www.biblia.work\/noticias\/wp-json\/wp\/v2\/posts"}],"about":[{"href":"https:\/\/www.biblia.work\/noticias\/wp-json\/wp\/v2\/types\/post"}],"author":[{"embeddable":true,"href":"https:\/\/www.biblia.work\/noticias\/wp-json\/wp\/v2\/users\/1"}],"replies":[{"embeddable":true,"href":"https:\/\/www.biblia.work\/noticias\/wp-json\/wp\/v2\/comments?post=9558"}],"version-history":[{"count":0,"href":"https:\/\/www.biblia.work\/noticias\/wp-json\/wp\/v2\/posts\/9558\/revisions"}],"wp:attachment":[{"href":"https:\/\/www.biblia.work\/noticias\/wp-json\/wp\/v2\/media?parent=9558"}],"wp:term":[{"taxonomy":"category","embeddable":true,"href":"https:\/\/www.biblia.work\/noticias\/wp-json\/wp\/v2\/categories?post=9558"},{"taxonomy":"post_tag","embeddable":true,"href":"https:\/\/www.biblia.work\/noticias\/wp-json\/wp\/v2\/tags?post=9558"}],"curies":[{"name":"wp","href":"https:\/\/api.w.org\/{rel}","templated":true}]}}