{"id":9561,"date":"2016-12-02T12:10:01","date_gmt":"2016-12-02T17:10:01","guid":{"rendered":"http:\/\/www.biblia.work\/noticias\/primera-ministra-britanica-criticada-por-defender-su-fe\/"},"modified":"2016-12-02T12:10:01","modified_gmt":"2016-12-02T17:10:01","slug":"primera-ministra-britanica-criticada-por-defender-su-fe","status":"publish","type":"post","link":"https:\/\/www.biblia.work\/noticias\/primera-ministra-britanica-criticada-por-defender-su-fe\/","title":{"rendered":"Primera ministra brit\u00e1nica criticada por defender su fe"},"content":{"rendered":"<p style=\"text-align: justify\">REINO UNIDO. &#8211; La primera ministra brit\u00e1nica, Theresa May, est\u00e1 siendo criticada por decir que conf\u00eda en su fe en Dios cuando toma decisiones dif\u00edciles.<\/p>\n<p style=\"text-align: justify\">En una de sus entrevistas m\u00e1s candentes desde que asumi\u00f3 el cargo este verano, May dijo a The Sunday Times que su sentido moral del bien y del mal la ayuda a tomar las mejores decisiones para su pa\u00eds.<\/p>\n<p style=\"text-align: justify\">&#8220;Hay algo en t\u00e9rminos de fe, soy un miembro practicante de la Iglesia de Inglaterra y as\u00ed sucesivamente, eso est\u00e1 detr\u00e1s de lo que hago&#8221;, dijo May al peri\u00f3dico londinense.<\/p>\n<p style=\"text-align: justify\">May continu\u00f3 diciendo que, &#8220;Si sabes que est\u00e1s haciendo lo correcto, tienes la confianza, la energ\u00eda para ir y entregar ese mensaje correcto&#8221;.<\/p>\n<p style=\"text-align: justify\">Pero esos comentarios est\u00e1n provocando la ira en la Sociedad Secular Nacional de Gran Breta\u00f1a, que ha acusado a la primera ministra de &#8220;abusar de su posici\u00f3n&#8221; para imponer valores cristianos a otros.<\/p>\n<p style=\"text-align: justify\">Stephen Evans, director de la campa\u00f1a de la Sociedad, dijo que &#8220;muchas personas se apoyan en su fe durante los tiempos dif\u00edciles&#8221;, advirti\u00f3 a la primera ministra que &#8220;gobierna en nombre de todos, incluidos los de las minor\u00edas y, por supuesto, la mayor\u00eda de los ciudadanos no religiosos&#8221;.<\/p>\n<p style=\"text-align: justify\">&#8220;Aunque est\u00e1 bien que Theresa May tenga fe, lo que no debe hacer es abusar de su posici\u00f3n para promover el cristianismo o imponer sus propios valores religiosos a otros&#8221;, dijo Evans.<\/p>\n<p style=\"text-align: justify\">Sin embargo, los comentarios de Evans tambi\u00e9n han sacado cr\u00edticas de aquellos que acusan a la Sociedad Secular Nacional de imponer su cosmovisi\u00f3n a otros.<\/p>\n<p style=\"text-align: justify\">&#8220;Mientras que la noci\u00f3n de que el primer ministro no debe \u2018imponer\u2019 sus opiniones sobre otros suena razonable, lo que Stephen Evans no parece darse cuenta es que \u00e9l est\u00e1 tratando de imponer su propia visi\u00f3n en cuanto al lugar de la religi\u00f3n en el discurso p\u00fablico&#8221;, le coment\u00f3 el autor Peter Ould a Breitbart Londres.<\/p>\n<p style=\"text-align: justify\">&#8220;La noci\u00f3n de que el ate\u00edsmo es la posici\u00f3n predeterminada para la religi\u00f3n en la vida pol\u00edtica est\u00e1 obsoleta en una sociedad multicultural que valora el patrimonio espiritual de una diversidad de ciudadanos&#8221;, dijo.<\/p>\n<p style=\"text-align: justify\">Mientras tanto, un nuevo informe del influyente grupo conservador ResPublica insta a los pol\u00edticos brit\u00e1nicos a considerar una nueva cl\u00e1usula de conciencia en la Declaraci\u00f3n de Derechos que proteger\u00eda a los cristianos y a otros grupos religiosos.<\/p>\n<p style=\"text-align: justify\">ResPublica dice que mientras los cristianos y otras personas de fe se enfrentan a un clima de temor y desconfianza, &#8220;es necesario hacer m\u00e1s para proteger las libertades de la gente de fe, y la mejor manera de hacerlo es seguir adelante con una Declaraci\u00f3n de Derechos Brit\u00e1nica e incluir la libertad de expresar la creencia religiosa dentro de ella&#8221;.<\/p>\n<p style=\"text-align: justify\">Fuente: Mundo Cristiano<\/p>\n<p style=\"text-align: justify\">La entrada <a rel=\"nofollow\" href=\"http:\/\/www.noticiacristiana.com\/sociedad\/iglesiaestado\/2016\/12\/ministra-britanica-criticada-fe.html\">Primera ministra brit\u00e1nica criticada por defender su fe<\/a> aparece primero en <a rel=\"nofollow\" href=\"http:\/\/www.noticiacristiana.com\">NoticiaCristiana.com<\/a>.<\/p>\n","protected":false},"excerpt":{"rendered":"<p>REINO UNIDO. &#8211; La primera ministra brit\u00e1nica, Theresa May, est\u00e1 siendo criticada por decir que conf\u00eda en su fe en Dios cuando toma decisiones dif\u00edciles. En una de sus entrevistas m\u00e1s candentes desde que asumi\u00f3 el cargo este verano, May dijo a The Sunday Times que su sentido moral del bien y del mal la &hellip; <a href=\"https:\/\/www.biblia.work\/noticias\/primera-ministra-britanica-criticada-por-defender-su-fe\/\" class=\"more-link\">Continuar leyendo<span class=\"screen-reader-text\"> \u00abPrimera ministra brit\u00e1nica criticada por defender su fe\u00bb<\/span><\/a><\/p>\n","protected":false},"author":1,"featured_media":0,"comment_status":"open","ping_status":"closed","sticky":false,"template":"","format":"standard","meta":{"footnotes":""},"categories":[1],"tags":[],"class_list":["post-9561","post","type-post","status-publish","format-standard","hentry","category-general"],"_links":{"self":[{"href":"https:\/\/www.biblia.work\/noticias\/wp-json\/wp\/v2\/posts\/9561","targetHints":{"allow":["GET"]}}],"collection":[{"href":"https:\/\/www.biblia.work\/noticias\/wp-json\/wp\/v2\/posts"}],"about":[{"href":"https:\/\/www.biblia.work\/noticias\/wp-json\/wp\/v2\/types\/post"}],"author":[{"embeddable":true,"href":"https:\/\/www.biblia.work\/noticias\/wp-json\/wp\/v2\/users\/1"}],"replies":[{"embeddable":true,"href":"https:\/\/www.biblia.work\/noticias\/wp-json\/wp\/v2\/comments?post=9561"}],"version-history":[{"count":0,"href":"https:\/\/www.biblia.work\/noticias\/wp-json\/wp\/v2\/posts\/9561\/revisions"}],"wp:attachment":[{"href":"https:\/\/www.biblia.work\/noticias\/wp-json\/wp\/v2\/media?parent=9561"}],"wp:term":[{"taxonomy":"category","embeddable":true,"href":"https:\/\/www.biblia.work\/noticias\/wp-json\/wp\/v2\/categories?post=9561"},{"taxonomy":"post_tag","embeddable":true,"href":"https:\/\/www.biblia.work\/noticias\/wp-json\/wp\/v2\/tags?post=9561"}],"curies":[{"name":"wp","href":"https:\/\/api.w.org\/{rel}","templated":true}]}}