{"id":9566,"date":"2016-12-02T13:15:02","date_gmt":"2016-12-02T18:15:02","guid":{"rendered":"http:\/\/www.biblia.work\/noticias\/el-santuario-de-fatima-abre-el-ano-jubilar-por-el-centenario-de-las-apariciones\/"},"modified":"2016-12-02T13:15:02","modified_gmt":"2016-12-02T18:15:02","slug":"el-santuario-de-fatima-abre-el-ano-jubilar-por-el-centenario-de-las-apariciones","status":"publish","type":"post","link":"https:\/\/www.biblia.work\/noticias\/el-santuario-de-fatima-abre-el-ano-jubilar-por-el-centenario-de-las-apariciones\/","title":{"rendered":"El Santuario de F\u00e1tima abre el A\u00f1o Jubilar por el centenario de las apariciones"},"content":{"rendered":"<p style=\"text-align: justify\">(ZENIT \u2013 Roma).- El A\u00f1o Jubilar con motivo del centenario de las apariciones de Nuestra Se\u00f1ora de F\u00e1tima, inici\u00f3 el domingo pasado en el santuario mariano portugu\u00e9s, con una procesi\u00f3n que atraves\u00f3 la Puerta Jubilar construida para esta ocasi\u00f3n. El lema del jubileo es: \u201cMi Inmaculado Coraz\u00f3n ser\u00e1 tu refugio y el camino que te conducir\u00e1 hasta Dios\u201d.<\/p>\n<p style=\"text-align: justify\">Las apariciones de Mar\u00eda en F\u00e1tima a los tres pastorcitos, Luc\u00eda, Jacinta y Francisco, iniciaron el 13 de mayo de 1917 . A ellos Nuestra Se\u00f1ora les dio un mensaje compuesto de tres partes que concluye con la promesa del triunfo de su Inmaculado Coraz\u00f3n.<\/p>\n<p style=\"text-align: justify\">La misa en el santuario mariano estuvo presidida por el obispo Antonio Marto, quien se\u00f1al\u00f3 que la preparaci\u00f3n para la Navidad, el tiempo de Adviento, &#8220;no se limita a la memoria rom\u00e1ntica de un acontecimiento lejano en el pasado como el nacimiento del Ni\u00f1o Jes\u00fas&#8221;, sino que indica\u00a0&#8220;la venida de Dios a nuestras vidas\u201d.<\/p>\n<p style=\"text-align: justify\">Y lo relacion\u00f3 con el mensaje de la Virgen en F\u00e1tima, que invita a la conversi\u00f3n, recordando que \u201cel milagro m\u00e1s importante de F\u00e1tima no es la danza del sol, sino la conversi\u00f3n del coraz\u00f3n\u201d.<\/p>\n<p style=\"text-align: justify\">El obispo de F\u00e1tima-Leir\u00eda invit\u00f3 as\u00ed a vivir el a\u00f1o jubilar que se ha abierto con &#8220;alegr\u00eda y esperanza, como momento favorable de acci\u00f3n de gracias por el don de la visita y del mensaje de Nuestra Se\u00f1ora\u201d, y a sentir\u00a0\u201cla experiencia de ternura y misericordia de Dios; de devoci\u00f3n al Inmaculado Coraz\u00f3n de Mar\u00eda; de conversi\u00f3n y compromiso con Dios a favor del pr\u00f3jimo y por la paz en el mundo, siguiendo el ejemplo de los tres pastorcitos&#8221;.<\/p>\n<p style=\"text-align: justify\">\u201cAtravesar la puerta del Jubileo es el signo externo de que entramos en peregrinaci\u00f3n interior y nos dejamos guiar por la Virgen que es madre y sabe c\u00f3mo guiarnos hacia Dios. Dejemos, por tanto, guiados por ella en este tiempo de perturbaci\u00f3n y esperanza, dijo\u201d.<\/p>\n<p style=\"text-align: justify\">La celebraci\u00f3n en la bas\u00edlica de la Santa Trinidad termin\u00f3 con la bendici\u00f3n papal dada por el obispo Antonio Marto, Obispo de Leiria &#8211; F\u00e1tima, por mandato de Francisco.<\/p>\n<p style=\"text-align: justify\">Este a\u00f1o, para celebrar el 100 aniversario de las apariciones de F\u00e1tima se le concedi\u00f3 al santuario un a\u00f1o jubilar que inici\u00f3 este\u00a0pasado 27 de noviembre hasta el 26 de noviembre de de 2017, en el cual obtendr\u00e1n indulgencia\u00a0plenaria \u201clos fieles vengan en peregrinaci\u00f3n al Santuario de F\u00e1tima en Portugal y que all\u00ed participen en una celebraci\u00f3n u oraci\u00f3n dedicada a la Virgen\u201d.<\/p>\n<p style=\"text-align: justify\">Otra posibilidad para obtener la indulgencia:\u00a0\u201cLos fieles piadosos que visitan con devoci\u00f3n una imagen de Nuestra Se\u00f1ora de F\u00e1tima expuesta solemnemente a la veneraci\u00f3n p\u00fablica en cualquier templo, oratorio o local adecuado en los d\u00edas de los aniversarios de las apariciones, el 13 de cada mes desde mayo hasta octubre (de 2017), y participen all\u00ed devotamente en alguna celebraci\u00f3n u oraci\u00f3n en honor de la Virgen Mar\u00eda\u201d, esto en\u00a0cualquier parte del mundo\u201d.<\/p>\n<p style=\"text-align: justify\">La tercera forma es para\u00a0las personas que por la edad, enfermedad u otra causa grave no puedan desplazarse. Ellos pueden rezar ante una imagen de la Virgen de F\u00e1tima y deben unirse espiritualmente en las celebraciones jubilares en los d\u00edas de las apariciones, los d\u00edas 13 de cada mes, entre mayo y octubre de 2017.\u00a0\u00a0En todos los casos deben rezar el Padrenuestro, recitar el Credo e invocar a la Madre de Dios.<\/p>\n<p style=\"text-align: justify\"><span style=\"color: #3366ff\"><a style=\"color: #3366ff\" href=\"https:\/\/es.zenit.org\/articles\/texto-completo-del-mensaje-de-fatima-y-del-tercer-secreto\/\">Leer el mensaje de F\u00e1tima<\/a><\/span><\/p>\n<p><span class=\"et_bloom_bottom_trigger\"><\/span><\/p>\n<p><a href=\"https:\/\/es.zenit.org\/\" target=\"_blank\" rel=\"nofollow\">Fuente: es.zenit.org<\/a><\/p>\n","protected":false},"excerpt":{"rendered":"<p>(ZENIT \u2013 Roma).- El A\u00f1o Jubilar con motivo del centenario de las apariciones de Nuestra Se\u00f1ora de F\u00e1tima, inici\u00f3 el domingo pasado en el santuario mariano portugu\u00e9s, con una procesi\u00f3n que atraves\u00f3 la Puerta Jubilar construida para esta ocasi\u00f3n. El lema del jubileo es: \u201cMi Inmaculado Coraz\u00f3n ser\u00e1 tu refugio y el camino que te &hellip; <a href=\"https:\/\/www.biblia.work\/noticias\/el-santuario-de-fatima-abre-el-ano-jubilar-por-el-centenario-de-las-apariciones\/\" class=\"more-link\">Continuar leyendo<span class=\"screen-reader-text\"> \u00abEl Santuario de F\u00e1tima abre el A\u00f1o Jubilar por el centenario de las apariciones\u00bb<\/span><\/a><\/p>\n","protected":false},"author":1,"featured_media":0,"comment_status":"open","ping_status":"closed","sticky":false,"template":"","format":"standard","meta":{"footnotes":""},"categories":[1],"tags":[],"class_list":["post-9566","post","type-post","status-publish","format-standard","hentry","category-general"],"_links":{"self":[{"href":"https:\/\/www.biblia.work\/noticias\/wp-json\/wp\/v2\/posts\/9566","targetHints":{"allow":["GET"]}}],"collection":[{"href":"https:\/\/www.biblia.work\/noticias\/wp-json\/wp\/v2\/posts"}],"about":[{"href":"https:\/\/www.biblia.work\/noticias\/wp-json\/wp\/v2\/types\/post"}],"author":[{"embeddable":true,"href":"https:\/\/www.biblia.work\/noticias\/wp-json\/wp\/v2\/users\/1"}],"replies":[{"embeddable":true,"href":"https:\/\/www.biblia.work\/noticias\/wp-json\/wp\/v2\/comments?post=9566"}],"version-history":[{"count":0,"href":"https:\/\/www.biblia.work\/noticias\/wp-json\/wp\/v2\/posts\/9566\/revisions"}],"wp:attachment":[{"href":"https:\/\/www.biblia.work\/noticias\/wp-json\/wp\/v2\/media?parent=9566"}],"wp:term":[{"taxonomy":"category","embeddable":true,"href":"https:\/\/www.biblia.work\/noticias\/wp-json\/wp\/v2\/categories?post=9566"},{"taxonomy":"post_tag","embeddable":true,"href":"https:\/\/www.biblia.work\/noticias\/wp-json\/wp\/v2\/tags?post=9566"}],"curies":[{"name":"wp","href":"https:\/\/api.w.org\/{rel}","templated":true}]}}