{"id":9571,"date":"2016-12-02T14:15:02","date_gmt":"2016-12-02T19:15:02","guid":{"rendered":"http:\/\/www.biblia.work\/noticias\/ano-jubilar-de-calasanz-francisco-invita-dejarse-inspirar-por-el-espiritu-santo\/"},"modified":"2016-12-02T14:15:02","modified_gmt":"2016-12-02T19:15:02","slug":"ano-jubilar-de-calasanz-francisco-invita-dejarse-inspirar-por-el-espiritu-santo","status":"publish","type":"post","link":"https:\/\/www.biblia.work\/noticias\/ano-jubilar-de-calasanz-francisco-invita-dejarse-inspirar-por-el-espiritu-santo\/","title":{"rendered":"A\u00f1o Jubilar de Calasanz, Francisco invita dejarse inspirar por el Esp\u00edritu Santo"},"content":{"rendered":"<p style=\"text-align: justify\">(ZENIT \u2013 Roma).-\u00a0El papa Francisco envi\u00f3 un mensaje por el A\u00f1o Jubilar de Calasanz, dirigido al prep\u00f3sito general de los padres esculapios, el sacerdote\u00a0Pedro Aguado Cuesta.<\/p>\n<p style=\"text-align: justify\">Este jubileo fue inaugurado el 27 de noviembre pasado en la iglesia de San Pantaleo en Roma, con uma misa presidida por el cardenal Jo\u00e3o Braz de Aviz. El jubileo concluir\u00e1 el 25 de noviembre de 2014, cuando se cumplen los 400 a\u00f1os de la congregaci\u00f3n religiosa de san Jos\u00e9 de Calasanz a partir de las Escuelas P\u00edas.<\/p>\n<p style=\"text-align: justify\">\u201cEl Papa Pablo V, hace 400 a\u00f1os, comprendi\u00f3 que era el Esp\u00edritu Santo quien guiaba a Jos\u00e9 de Calasanz a dedicarse a la educaci\u00f3n de los ni\u00f1os que en aquel tiempo vagaban por las calles de Roma, y por eso erigi\u00f3 la Congregaci\u00f3n Paulina de los Pobres de la Madre Dios de las Escuelas P\u00edas\u201d, como \u201cla primera Congregaci\u00f3n en la Iglesia dedicada exclusivamente a la educaci\u00f3n de los ni\u00f1os y j\u00f3venes, especialmente los m\u00e1s pobres\u201d, escribe Francisco.<\/p>\n<p style=\"text-align: justify\">\u201cLes invito a vivir este A\u00f1o Jubilar &#8211;a\u00f1ade el Santo Padre&#8211; como un nuevo &#8221;Pentecost\u00e9s de los Escolapios. Que la casa com\u00fan de las Escuelas P\u00edas se llene de Esp\u00edritu Santo, para que se cree en ustedes la comuni\u00f3n necesaria para llevar adelante con fuerza la misi\u00f3n propia de los Escolapios en el mundo, superando los miedos y barreras de todo tipo\u201d.<\/p>\n<p style=\"text-align: justify\">Les invita por ello a salir: \u201cQue sus personas, comunidades y obras pueden irradiar en todos los idiomas, lugares y culturas, la fuerza liberadora y salvadora del Evangelio. Que el Se\u00f1or les ayude a tener siempre un esp\u00edritu misionero y disponibilidad para ponerse en camino\u201d. As\u00ed, recordando el lema elegido para este A\u00f1o Jubilar: &#8216;Educar, Anunciar, Transformar&#8217; les invita \u201ca permanecer abiertos y atentos a las indicaciones que el Esp\u00edritu les sugiere\u201d.<\/p>\n<p style=\"text-align: justify\">El Papa concluye record\u00e1ndoles que ellos \u201cno han sido fundados para otra grandeza que la de la peque\u00f1ez, ni para ninguna otra cima que la del abajamiento, que les reviste de los sentimientos de Cristo y les lleva a ser cooperadores de la Verdad divina y a hacerse ni\u00f1os con los ni\u00f1os y pobres con los pobres\u201d.<\/p>\n<p style=\"text-align: justify\"><span style=\"color: #3366ff\">Leer el mensaje completo<\/span><\/p>\n<p><span class=\"et_bloom_bottom_trigger\"><\/span><\/p>\n<p><a href=\"https:\/\/es.zenit.org\/\" target=\"_blank\" rel=\"nofollow\">Fuente: es.zenit.org<\/a><\/p>\n","protected":false},"excerpt":{"rendered":"<p>(ZENIT \u2013 Roma).-\u00a0El papa Francisco envi\u00f3 un mensaje por el A\u00f1o Jubilar de Calasanz, dirigido al prep\u00f3sito general de los padres esculapios, el sacerdote\u00a0Pedro Aguado Cuesta. Este jubileo fue inaugurado el 27 de noviembre pasado en la iglesia de San Pantaleo en Roma, con uma misa presidida por el cardenal Jo\u00e3o Braz de Aviz. El &hellip; <a href=\"https:\/\/www.biblia.work\/noticias\/ano-jubilar-de-calasanz-francisco-invita-dejarse-inspirar-por-el-espiritu-santo\/\" class=\"more-link\">Continuar leyendo<span class=\"screen-reader-text\"> \u00abA\u00f1o Jubilar de Calasanz, Francisco invita dejarse inspirar por el Esp\u00edritu Santo\u00bb<\/span><\/a><\/p>\n","protected":false},"author":1,"featured_media":0,"comment_status":"open","ping_status":"closed","sticky":false,"template":"","format":"standard","meta":{"footnotes":""},"categories":[1],"tags":[],"class_list":["post-9571","post","type-post","status-publish","format-standard","hentry","category-general"],"_links":{"self":[{"href":"https:\/\/www.biblia.work\/noticias\/wp-json\/wp\/v2\/posts\/9571","targetHints":{"allow":["GET"]}}],"collection":[{"href":"https:\/\/www.biblia.work\/noticias\/wp-json\/wp\/v2\/posts"}],"about":[{"href":"https:\/\/www.biblia.work\/noticias\/wp-json\/wp\/v2\/types\/post"}],"author":[{"embeddable":true,"href":"https:\/\/www.biblia.work\/noticias\/wp-json\/wp\/v2\/users\/1"}],"replies":[{"embeddable":true,"href":"https:\/\/www.biblia.work\/noticias\/wp-json\/wp\/v2\/comments?post=9571"}],"version-history":[{"count":0,"href":"https:\/\/www.biblia.work\/noticias\/wp-json\/wp\/v2\/posts\/9571\/revisions"}],"wp:attachment":[{"href":"https:\/\/www.biblia.work\/noticias\/wp-json\/wp\/v2\/media?parent=9571"}],"wp:term":[{"taxonomy":"category","embeddable":true,"href":"https:\/\/www.biblia.work\/noticias\/wp-json\/wp\/v2\/categories?post=9571"},{"taxonomy":"post_tag","embeddable":true,"href":"https:\/\/www.biblia.work\/noticias\/wp-json\/wp\/v2\/tags?post=9571"}],"curies":[{"name":"wp","href":"https:\/\/api.w.org\/{rel}","templated":true}]}}