{"id":9574,"date":"2016-12-02T16:05:02","date_gmt":"2016-12-02T21:05:02","guid":{"rendered":"http:\/\/www.biblia.work\/noticias\/este-cardenal-relata-como-rescato-una-mujer-de-las-garras-de-la-prostitucion\/"},"modified":"2016-12-02T16:05:02","modified_gmt":"2016-12-02T21:05:02","slug":"este-cardenal-relata-como-rescato-una-mujer-de-las-garras-de-la-prostitucion","status":"publish","type":"post","link":"https:\/\/www.biblia.work\/noticias\/este-cardenal-relata-como-rescato-una-mujer-de-las-garras-de-la-prostitucion\/","title":{"rendered":"Este Cardenal relata c\u00f3mo rescat\u00f3 una mujer de las garras de la prostituci\u00f3n"},"content":{"rendered":"<p> ROMA, 02 Dic. 16 (ACI).-<br \/>\n\tEl Arzobispo de Madrid en Espa&ntilde;a, Cardenal Carlos Osoro, relat&oacute; un episodio de hace algunos a&ntilde;os en el que de manera personal acudi&oacute; a un club nocturno para rescatar a una muchacha latinoamericana de las garras de la prostituci&oacute;n.<\/p>\n<p style=\"text-align: justify\">\n\tEn di&aacute;logo con Rome Reports, el Purpurado record&oacute; el caso de esta chica que a la salida de un hospital en una ciudad espa&ntilde;ola le pidi&oacute; ayuda.<\/p>\n<p style=\"text-align: justify\">\n\t&ldquo;Me llama una chica con acento latinoamericano me vio vestido con la sotana de obispo a la salida de un hospital y me dice &lsquo;padrecito, ati&eacute;ndame por favor&rsquo;. Me cuenta que es que no le daban el pasaporte porque se lo ten&iacute;an retenido y estaba trabajando en un club&rdquo;. <\/p>\n<p style=\"text-align: justify\">\n\t&quot;Y yo le dije &lsquo;dime el lugar, yo aparezco por all&iacute; cuando termine de trabajar por la tarde y voy a buscarte, ya te saco yo&rsquo;&rdquo;.<\/p>\n<p style=\"text-align: justify\">\n\tEl Cardenal recuerda que horas despu&eacute;s ese d&iacute;a fue hasta el lugar donde estaba la mujer y entr&oacute; decidido a no salir de all&iacute; sin haberla rescatado. <\/p>\n<p style=\"text-align: justify\">\n\t&ldquo;Iba como voy vestido, as&iacute; entr&eacute;, y al inicio sent&iacute; un silencio absoluto y muy grande en el lugar donde entraba, que no era precisamente un lugar de oraci&oacute;n,&nbsp; y pregunte por la chica y estaba retirada en su &lsquo;trabajo&rsquo; y esper&eacute; ah&iacute;&rdquo;. <\/p>\n<p style=\"text-align: justify\">\n\t&ldquo;Ped&iacute; la cerveza y esper&eacute; ah&iacute; a que bajase en un silencio que se cortaba. Y luego baj&oacute; y ped&iacute; que me diesen el pasaporte de la chica, que no har&iacute;a ninguna denuncia pero que me lo dieran. Y pues al cabo de un tiempo me tiraron el pasaporte&rdquo;.<\/p>\n<p style=\"text-align: justify\">\n\t&quot;Con ella &ndash;narr&oacute; el Purpurado a Rome Reports&ndash; me sigo escribiendo en estos momentos y lleva una vida muy sana y una vida de familia extraordinaria&rdquo;.<\/p>\n<p style=\"text-align: justify\">\n\tEl Arzobispo de Madrid fue creado cardenal en el reciente consistorio del 19 de noviembre. En entrevista concedida a ACI Prensa antes de ese d&iacute;a afirm&oacute; que su vocaci&oacute;n la descubri&oacute; cuando era profesor.<\/p>\n<p style=\"text-align: justify\">\n\t&ldquo;Recuerdo que para m&iacute; fue fundamental el primer d&iacute;a que daba clase, vi a aquellos chicos que ten&iacute;a delante, que me hab&iacute;an escuchado. Y yo ten&iacute;a en lo m&aacute;s profundo de m&iacute;, querer entregar mi vida para dar algo m&aacute;s que saberes, para entregar la verdadera sabidur&iacute;a que es Cristo. Ah&iacute; experiment&eacute; que el Se&ntilde;or me segu&iacute;a llamando&rdquo;, relat&oacute; el Cardenal Osoro.<\/p>\n<p style=\"text-align: justify\">\n\t&ldquo;Al terminar la clase esa ma&ntilde;ana march&eacute; a ver a mi director espiritual, que era un jesuita, para decirle lo que hab&iacute;a sentido. &Eacute;l me anim&oacute; a terminar el curso y mientras ir pensando y discerniendo. Y as&iacute; sucedi&oacute;. Vi que el Se&ntilde;or me llamaba a entregar mi vida&rdquo;, cont&oacute; a ACI Prensa.<\/p>\n<p style=\"text-align: justify\">\n\tEl nuevo Cardenal tiene 71 a&ntilde;os, naci&oacute; en el pueblo de Casta&ntilde;eda, en Cantabria (Espa&ntilde;a), el 16 de mayo de 1945. Estudi&oacute; Magisterio, Pedagog&iacute;a y Matem&aacute;ticas y ejerci&oacute; la docencia hasta que decidi&oacute; responder a una llamada que sent&iacute;a desde hace tiempo.<\/p>\n<p style=\"text-align: justify\">\n\tTambi&eacute;n te puede interesar:<\/p>\n<p style=\"text-align: justify\">\n\t\tNuevo Cardenal Carlos Osoro: Una vocaci&oacute;n tard&iacute;a de la mano de la Virgen https:\/\/t.co\/t2ihF5iGwA<\/p>\n<p>\t&mdash; ACI Prensa (@aciprensa) 17 de noviembre de 2016<\/p>\n","protected":false},"excerpt":{"rendered":"<p>ROMA, 02 Dic. 16 (ACI).- El Arzobispo de Madrid en Espa&ntilde;a, Cardenal Carlos Osoro, relat&oacute; un episodio de hace algunos a&ntilde;os en el que de manera personal acudi&oacute; a un club nocturno para rescatar a una muchacha latinoamericana de las garras de la prostituci&oacute;n. En di&aacute;logo con Rome Reports, el Purpurado record&oacute; el caso de &hellip; <a href=\"https:\/\/www.biblia.work\/noticias\/este-cardenal-relata-como-rescato-una-mujer-de-las-garras-de-la-prostitucion\/\" class=\"more-link\">Continuar leyendo<span class=\"screen-reader-text\"> \u00abEste Cardenal relata c\u00f3mo rescat\u00f3 una mujer de las garras de la prostituci\u00f3n\u00bb<\/span><\/a><\/p>\n","protected":false},"author":1,"featured_media":0,"comment_status":"open","ping_status":"closed","sticky":false,"template":"","format":"standard","meta":{"footnotes":""},"categories":[1],"tags":[],"class_list":["post-9574","post","type-post","status-publish","format-standard","hentry","category-general"],"_links":{"self":[{"href":"https:\/\/www.biblia.work\/noticias\/wp-json\/wp\/v2\/posts\/9574","targetHints":{"allow":["GET"]}}],"collection":[{"href":"https:\/\/www.biblia.work\/noticias\/wp-json\/wp\/v2\/posts"}],"about":[{"href":"https:\/\/www.biblia.work\/noticias\/wp-json\/wp\/v2\/types\/post"}],"author":[{"embeddable":true,"href":"https:\/\/www.biblia.work\/noticias\/wp-json\/wp\/v2\/users\/1"}],"replies":[{"embeddable":true,"href":"https:\/\/www.biblia.work\/noticias\/wp-json\/wp\/v2\/comments?post=9574"}],"version-history":[{"count":0,"href":"https:\/\/www.biblia.work\/noticias\/wp-json\/wp\/v2\/posts\/9574\/revisions"}],"wp:attachment":[{"href":"https:\/\/www.biblia.work\/noticias\/wp-json\/wp\/v2\/media?parent=9574"}],"wp:term":[{"taxonomy":"category","embeddable":true,"href":"https:\/\/www.biblia.work\/noticias\/wp-json\/wp\/v2\/categories?post=9574"},{"taxonomy":"post_tag","embeddable":true,"href":"https:\/\/www.biblia.work\/noticias\/wp-json\/wp\/v2\/tags?post=9574"}],"curies":[{"name":"wp","href":"https:\/\/api.w.org\/{rel}","templated":true}]}}